{"id":226,"date":"2020-02-19T05:22:30","date_gmt":"2020-02-19T05:22:30","guid":{"rendered":"https:\/\/organizzazione.cai.it\/gr-lazio\/2020\/02\/cai-federparchi-il-clima-che-cambia\/"},"modified":"2020-02-19T05:22:30","modified_gmt":"2020-02-19T05:22:30","slug":"cai-federparchi-il-clima-che-cambia","status":"publish","type":"post","link":"https:\/\/organizzazione.cai.it\/gr-lazio\/2020\/02\/cai-federparchi-il-clima-che-cambia\/","title":{"rendered":"Cai Federparchi ..il Clima Che Cambia"},"content":{"rendered":"<p>Notizia da CAI federparchi<\/p>\n<p>&nbsp;<\/p>\n<p>CLIMA CHE \u00c8 CAMBIATO<br \/>\nVerso la &#8220;giornata mondiale dell&#8217;acqua&#8221;, 22 marzo 2020<\/p>\n<p>A poco pi\u00f9 di un mese dalla &#8220;giornata mondiale dell&#8217;acqua&#8221; c&#8217;\u00e8 crisi idrica per fiumi laghi e invasi artificiali. L&#8217;inverno \u00e8 straordinariamente secco. La neve \u00e8 la grande assente e non alimenta fiumi e falde. Non piove da mesi e il caldo \u00e8 anomalo per la stagione. L&#8217;agricoltura ne risente grandemente con le piante stimolate da questa finta primavera e dal mite mese di gennaio. Ed ecco siccit\u00e0 e incendi. C&#8217;\u00e8 da sperare che piova nei prossimi mesi, ma la situazione locale \u00e8 planetaria \u00e8 critica e di questo bisogna essere consapevoli.<br \/>\nDa una parte siccit\u00e0, dall&#8217;altra lo scioglimento dei ghiacciai con possibili allagamenti di coste e pianure su tutta la Terra. L&#8217;Italia, avvolta com&#8217;\u00e8 dal Mediterraneo che ha composto la sua cultura marinara, \u00e8 esposta a queste probabili catastrofi, accelerate dalle emissioni di CO2, anidride carbonica invasiva.<br \/>\nL&#8217;AMBIENTE HA BISOGNO DI NOI, DELLE NOSTRE CURE<br \/>\nL&#8217;ACQUA \u00c8 FONTE DI VITA. INSOSTITUIBILE!<br \/>\n#prendersicuradellamontagna #ClubAlpinoItaliano #tam #BidecalogoCai<\/p>\n","protected":false},"excerpt":{"rendered":"<p>Notizia da CAI federparchi &nbsp; CLIMA CHE \u00c8 CAMBIATO Verso la &#8220;giornata mondiale dell&#8217;acqua&#8221;, 22 marzo 2020 A poco pi\u00f9 di un mese dalla &#8220;giornata mondiale dell&#8217;acqua&#8221; c&#8217;\u00e8 crisi idrica [&hellip;]<\/p>\n","protected":false},"author":1,"featured_media":227,"comment_status":"closed","ping_status":"open","sticky":false,"template":"","format":"standard","meta":{"footnotes":""},"categories":[6],"tags":[],"_links":{"self":[{"href":"https:\/\/organizzazione.cai.it\/gr-lazio\/wp-json\/wp\/v2\/posts\/226"}],"collection":[{"href":"https:\/\/organizzazione.cai.it\/gr-lazio\/wp-json\/wp\/v2\/posts"}],"about":[{"href":"https:\/\/organizzazione.cai.it\/gr-lazio\/wp-json\/wp\/v2\/types\/post"}],"author":[{"embeddable":true,"href":"https:\/\/organizzazione.cai.it\/gr-lazio\/wp-json\/wp\/v2\/users\/1"}],"replies":[{"embeddable":true,"href":"https:\/\/organizzazione.cai.it\/gr-lazio\/wp-json\/wp\/v2\/comments?post=226"}],"version-history":[{"count":0,"href":"https:\/\/organizzazione.cai.it\/gr-lazio\/wp-json\/wp\/v2\/posts\/226\/revisions"}],"wp:featuredmedia":[{"embeddable":true,"href":"https:\/\/organizzazione.cai.it\/gr-lazio\/wp-json\/wp\/v2\/media\/227"}],"wp:attachment":[{"href":"https:\/\/organizzazione.cai.it\/gr-lazio\/wp-json\/wp\/v2\/media?parent=226"}],"wp:term":[{"taxonomy":"category","embeddable":true,"href":"https:\/\/organizzazione.cai.it\/gr-lazio\/wp-json\/wp\/v2\/categories?post=226"},{"taxonomy":"post_tag","embeddable":true,"href":"https:\/\/organizzazione.cai.it\/gr-lazio\/wp-json\/wp\/v2\/tags?post=226"}],"curies":[{"name":"wp","href":"https:\/\/api.w.org\/{rel}","templated":true}]}}