{"id":240,"date":"2019-12-29T17:34:35","date_gmt":"2019-12-29T17:34:35","guid":{"rendered":"https:\/\/organizzazione.cai.it\/gr-lazio\/2019\/12\/passo-corto-e-lento\/"},"modified":"2019-12-29T17:34:35","modified_gmt":"2019-12-29T17:34:35","slug":"passo-corto-e-lento","status":"publish","type":"post","link":"https:\/\/organizzazione.cai.it\/gr-lazio\/2019\/12\/passo-corto-e-lento\/","title":{"rendered":"Passo Corto E Lento"},"content":{"rendered":"<p>Perch\u00e9 Kalip\u00e8<br \/>\nKalip\u00e8 \u00e8 un termine in uso nelle zone himalayane che viene rivolto a chi si incammina verso le montagne. \u00c8 un augurio il cui significato \u00e8 quello di poter \u201ccamminare sempre a passo corto e lento\u201c.<\/p>\n<p>Chi va in montagna ha sempre di fronte a s\u00e9 due scelte: la prima \u00e8 quella dell\u2019atletismo, della fretta, della vetta a tutti i costi, anche quando \u00e8 al di l\u00e0 dei limiti\u2026 e la conosciamo fin troppo bene. La seconda invece \u00e8 quella di un passo lento durante il cammino e\u00a0<span class=\"text_exposed_show\">di uno sguardo attento a tutto ci\u00f2 che ci circonda, cos\u00ec da poterlo conoscere e fare nostro nel profondo in modo duraturo.<\/span><\/p>\n<div class=\"text_exposed_show\">\n<p>il presidente\u00a0<a class=\"profileLink\" title=\"Amedeo Mattia Parente\" href=\"https:\/\/www.facebook.com\/amedeo.parente?__tn__=K-R&amp;eid=ARCP0mDzlCq8NA11rQXrVWJmuHZXnC8ixvZRTz5GPlnPCvk46eitkjfDS_i4UNecd5FxVVFMo9BpwGha&amp;fref=mentions&amp;__xts__%5B0%5D=68.ARD5DxxvzYjkAQCobrgcJ-LpW2sTNT8iB1-IosuJFwry8uSuNtGYfKBewHke7QbXnFwVBnF7cPv15HDy9cRVEt3dpBb4aiCsnjrJ74ED7oPsuckYBek9IriRMmZgqqx8DoTJsNhowt-AHz1HVAGn4Mfejr5A6i4v4n-Psbo4frBF8aTOgDdYiSXYCIiJ-laMi_85xHJYhY311nDbjWRTjeQjbAbud2sX-1mVxRid3GazC5yWYorttnMu5irp4ATqYORYFU1EwoWFSlM2ehoBtGsRHu44HFuyjPcW2iVVHHcZcFgNAqsAIVqqaJVnw5iLQDFiI4HsmvXmn2bJXJTeMGdQeSxTVX5nnVdtuxGBUaa8MiXlaE2pPkPY74nJ899X2yzB12R5HkYxuHZ5KcPAQOtMajH-EQf1GEleWYW4OLVFRw\" data-hovercard=\"\/ajax\/hovercard\/user.php?id=1728559643&amp;extragetparams=%7B%22__tn__%22%3A%22%2CdK-R-R%22%2C%22eid%22%3A%22ARCP0mDzlCq8NA11rQXrVWJmuHZXnC8ixvZRTz5GPlnPCvk46eitkjfDS_i4UNecd5FxVVFMo9BpwGha%22%2C%22fref%22%3A%22mentions%22%7D\" data-hovercard-prefer-more-content-show=\"1\" target=\"_blank\" rel=\"noopener\">Amedeo Mattia Parente<\/a><\/p>\n<\/div>\n","protected":false},"excerpt":{"rendered":"<p>Perch\u00e9 Kalip\u00e8 Kalip\u00e8 \u00e8 un termine in uso nelle zone himalayane che viene rivolto a chi si incammina verso le montagne. \u00c8 un augurio il cui significato \u00e8 quello di [&hellip;]<\/p>\n","protected":false},"author":1,"featured_media":147,"comment_status":"closed","ping_status":"open","sticky":false,"template":"","format":"standard","meta":{"footnotes":""},"categories":[6],"tags":[],"_links":{"self":[{"href":"https:\/\/organizzazione.cai.it\/gr-lazio\/wp-json\/wp\/v2\/posts\/240"}],"collection":[{"href":"https:\/\/organizzazione.cai.it\/gr-lazio\/wp-json\/wp\/v2\/posts"}],"about":[{"href":"https:\/\/organizzazione.cai.it\/gr-lazio\/wp-json\/wp\/v2\/types\/post"}],"author":[{"embeddable":true,"href":"https:\/\/organizzazione.cai.it\/gr-lazio\/wp-json\/wp\/v2\/users\/1"}],"replies":[{"embeddable":true,"href":"https:\/\/organizzazione.cai.it\/gr-lazio\/wp-json\/wp\/v2\/comments?post=240"}],"version-history":[{"count":0,"href":"https:\/\/organizzazione.cai.it\/gr-lazio\/wp-json\/wp\/v2\/posts\/240\/revisions"}],"wp:featuredmedia":[{"embeddable":true,"href":"https:\/\/organizzazione.cai.it\/gr-lazio\/wp-json\/wp\/v2\/media\/147"}],"wp:attachment":[{"href":"https:\/\/organizzazione.cai.it\/gr-lazio\/wp-json\/wp\/v2\/media?parent=240"}],"wp:term":[{"taxonomy":"category","embeddable":true,"href":"https:\/\/organizzazione.cai.it\/gr-lazio\/wp-json\/wp\/v2\/categories?post=240"},{"taxonomy":"post_tag","embeddable":true,"href":"https:\/\/organizzazione.cai.it\/gr-lazio\/wp-json\/wp\/v2\/tags?post=240"}],"curies":[{"name":"wp","href":"https:\/\/api.w.org\/{rel}","templated":true}]}}