{"id":277,"date":"2019-07-18T13:20:13","date_gmt":"2019-07-18T13:20:13","guid":{"rendered":"https:\/\/organizzazione.cai.it\/gr-lazio\/2019\/07\/ande-peruviane\/"},"modified":"2019-07-18T13:20:13","modified_gmt":"2019-07-18T13:20:13","slug":"ande-peruviane","status":"publish","type":"post","link":"https:\/\/organizzazione.cai.it\/gr-lazio\/2019\/07\/ande-peruviane\/","title":{"rendered":"Ande Peruviane"},"content":{"rendered":"<p><span class=\"T1 text\">Organizzato e patrocinato dal CAI di Antrodoco, il 25 luglio prende il volo un viaggio etico nelle Ande Peruviane, punto di inizio di un progetto di solidariet\u00e0 a favore dei bambini e dei giovani delle comunit\u00e0 che vivono ai piedi della Cordillera Blanca. Un gruppo di 13 trekker appartenenti a diversi CAI del territorio (Antrodoco, Amatrice e Rieti), e di altre sezioni (Roma, Teramo, Frosinone e Piedimonte Matese) faranno un\u2019esperienza speciale nella splendente catena della Cordillera Blanca e visiteranno con le guide locali le montagne: tra queste, la Montagna dei Sette Colori (mt 5.200 punta max), importante area di conservazione naturale, Sito Unesco oggi a rischio per una recente concessione mineraria per scopi estrattivi, e i siti archeologici Inca, tra cui il <\/span><span class=\"T3 text\">Machu Picchu, una delle Sette Meraviglie del mondo moderno, da pochi mesi a ingresso limitato al fine di salvaguardare l\u2019ambiente. Alcuni tenteranno la salita al Nevado<\/span> <span class=\"Emphasis text\"><span class=\"T4 text\">Pisco<\/span><\/span> <span class=\"T3 text\">(5.760 mt), altri resteranno su quote intorno ai 4.800 mt provando la bellezza di una notte stellata dentro una tenda. <\/span><span class=\"T1 text\">\u201cDagli Appennini alle Ande\u201d, come direbbe Edmondo de Amicis. Ma cos\u2019\u00e8 un viaggio etico? E\u2019 un viaggio che arricchisce e allarga il cuore perch\u00e9 promuove il \u201cturismo dal volto umano\u201d, il contatto autentico con le comunit\u00e0 del posto (per es. il soggiorno a Cuzco capita durante la festa nazionale dell&#8217;indipendenza), la conoscenza diretta delle loro problematiche e della cultura locale, anche e soprattutto nei luoghi pi\u00f9 remoti come questi del Per\u00f9, dove ogni emergenza geografica svettante e naturale \u00e8 sacra. Questo<\/span><span class=\"T3 text\"> viaggio della durata di 20 giorni \u00e8 stato organizzato da Rieti dal CAI direttamente con Padre Alessio Busato, vicentino, che \u00e8 gi\u00e0 venuto due volte in citt\u00e0 per arrampicare nelle falesie di Grotti e Ferentillo; Padre Alessio \u00e8 in servizio da 11 anni presso la parrocchia di Shilla (mt. 3050) che unisce 7 paesini alle falde del Nevado Huascar\u00e1n, la montagna pi\u00f9 alta del Per\u00f9. \u00c9 una comunit\u00e0 formata principalmente da contadini poveri che arano i loro piccoli terreni solo con il piccone e vivono vendendo i prodotti da loro coltivati. Padre Alessio, che in primavera ha fatto visita al Vescovo di Rieti Monsignor Pompili, sarebbe voluto venire a dare una mano ad Amatrice, avendo gi\u00e0 prestato il suo servizio volontario quando ci fu il sisma dell\u2019Umbria, ma erano gi\u00e0 tantissime le squadre in azione. Amatrice nel mentre \u00e8 stata ed \u00e8 sotto le cure pastorali di due parroci peruviani.<\/span><\/p>\n<p>&nbsp;<\/p>\n<p>Articolo scritto da Ines Millesimi<\/p>\n","protected":false},"excerpt":{"rendered":"<p>Organizzato e patrocinato dal CAI di Antrodoco, il 25 luglio prende il volo un viaggio etico nelle Ande Peruviane, punto di inizio di un progetto di solidariet\u00e0 a favore dei [&hellip;]<\/p>\n","protected":false},"author":1,"featured_media":278,"comment_status":"closed","ping_status":"open","sticky":false,"template":"","format":"standard","meta":{"footnotes":""},"categories":[6],"tags":[],"_links":{"self":[{"href":"https:\/\/organizzazione.cai.it\/gr-lazio\/wp-json\/wp\/v2\/posts\/277"}],"collection":[{"href":"https:\/\/organizzazione.cai.it\/gr-lazio\/wp-json\/wp\/v2\/posts"}],"about":[{"href":"https:\/\/organizzazione.cai.it\/gr-lazio\/wp-json\/wp\/v2\/types\/post"}],"author":[{"embeddable":true,"href":"https:\/\/organizzazione.cai.it\/gr-lazio\/wp-json\/wp\/v2\/users\/1"}],"replies":[{"embeddable":true,"href":"https:\/\/organizzazione.cai.it\/gr-lazio\/wp-json\/wp\/v2\/comments?post=277"}],"version-history":[{"count":0,"href":"https:\/\/organizzazione.cai.it\/gr-lazio\/wp-json\/wp\/v2\/posts\/277\/revisions"}],"wp:featuredmedia":[{"embeddable":true,"href":"https:\/\/organizzazione.cai.it\/gr-lazio\/wp-json\/wp\/v2\/media\/278"}],"wp:attachment":[{"href":"https:\/\/organizzazione.cai.it\/gr-lazio\/wp-json\/wp\/v2\/media?parent=277"}],"wp:term":[{"taxonomy":"category","embeddable":true,"href":"https:\/\/organizzazione.cai.it\/gr-lazio\/wp-json\/wp\/v2\/categories?post=277"},{"taxonomy":"post_tag","embeddable":true,"href":"https:\/\/organizzazione.cai.it\/gr-lazio\/wp-json\/wp\/v2\/tags?post=277"}],"curies":[{"name":"wp","href":"https:\/\/api.w.org\/{rel}","templated":true}]}}