{"id":1596,"date":"2024-07-10T14:55:23","date_gmt":"2024-07-10T14:55:23","guid":{"rendered":"https:\/\/organizzazione.cai.it\/gr-lombardia\/2024\/07\/principio-di-autoresponsabilita\/"},"modified":"2024-11-01T14:42:05","modified_gmt":"2024-11-01T14:42:05","slug":"principio-di-autoresponsabilita","status":"publish","type":"post","link":"https:\/\/organizzazione.cai.it\/gr-lombardia\/2024\/07\/principio-di-autoresponsabilita\/","title":{"rendered":"Principio Di Autoresponsabilit\u00e0"},"content":{"rendered":"<p>&#8221; <strong>Grazie a Regione Lombardia pi\u00f9 chiarezza sulle responsabilit\u00e0 degli escursionisti<\/strong>&#8221;<br \/>\nMilano, 9 luglio 2024 &#8211; Il Consiglio regionale oggi ha dato l&#8217;OK all&#8217; aggiornamento normativo , che finalmente fa chiarezza sulle responsabilit\u00e0 degli escursionisti. &#8221; Una revisione &#8211; spiega il presidente del CAI Lombardia Emilio Aldeghi &#8211; che \u00e8 frutto del confronto e della collaborazione con Regione. Non esiste il rischio zero in montagna, ma per evitare di incorrere in sventure, serve ( oltre alla preparazione e l&#8217;idonea attrezzatura) anche la testa.<br \/>\nChi va in montagna deve essere consapevole dei rischi che pu\u00f2 incorrere e, allo stesso tempo, i volontari, che si occupano della manutenzione della rete escursionistica, non possono essere responsabili di chi s&#8217;incammina lungo i sentieri con troppa leggerezza.<br \/>\nRingraziamo Regione Lombardia, in particolare il consigliere lecchese Giacomo Zamperini, per la sua capacit\u00e0 di ascolto delle esigenze di chi il territorio lo vive con passione.&#8221;<br \/>\nA seguire il testo del comma 6 dell&#8217;articolo 4 della legge regionale 27 febbraio 2017, n.5 ( rete escursionistica della Lombardia e interventi per la valorizzazione delle strade e dei sentieri di montagna di interesse storico ) cos\u00ec com&#8217;\u00e8 stato aggiornato dal Consiglio Regionale lombardo.<br \/>\n&#8220;Chiunque intraprende un percorso della Rete escursionistica lombarda, lo fa sotto la propria responsabilit\u00e0, consapevole dei rischi connessi alla frequentazione della rete escursionistica usando la necessaria diligenza, rispettando la segnaletica, ovvero i divieti emanati dalla Protezione Civile o da altre Autorit\u00e0 competenti, non danneggiando le strutture di pertinenza e l&#8217;ambiente circostante. L&#8217;escursionista deve valutare con la necessaria diligenza gli eventi atmosferici ed essere dotato di adeguata attrezzatura, assumendosi la responsabilit\u00e0 dei rischi e dei danni che possono derivargli dalla sua negligenza, imprudenza e imperizia&#8221;<\/p>\n<p><a href=\"https:\/\/www.loscarpone.cai.it\/dettaglio\/lombardia-introdotto-il-principio-di-autoresponsabilit%C3%A0-dei-frequentatori-dei-sentieri\/?fbclid=IwZXh0bgNhZW0CMTEAAR18xLwBX_Pw4q7K3XOp-9W3tzwFYAzeUASnAyWwsSIlqo_7WiTzq51XlVM_aem_LoapnRdt0kR0CM8wtefxPQ\" target=\"_blank\" rel=\"noopener\">Lo SCarpone<\/a><\/p>\n","protected":false},"excerpt":{"rendered":"<p>&#8221; Grazie a Regione Lombardia pi\u00f9 chiarezza sulle responsabilit\u00e0 degli escursionisti&#8221; Milano, 9 luglio 2024 &#8211; Il Consiglio regionale oggi ha dato l&#8217;OK all&#8217; aggiornamento normativo , che finalmente fa [&hellip;]<\/p>\n","protected":false},"author":1,"featured_media":366,"comment_status":"closed","ping_status":"open","sticky":false,"template":"","format":"standard","meta":{"footnotes":""},"categories":[6],"tags":[],"_links":{"self":[{"href":"https:\/\/organizzazione.cai.it\/gr-lombardia\/wp-json\/wp\/v2\/posts\/1596"}],"collection":[{"href":"https:\/\/organizzazione.cai.it\/gr-lombardia\/wp-json\/wp\/v2\/posts"}],"about":[{"href":"https:\/\/organizzazione.cai.it\/gr-lombardia\/wp-json\/wp\/v2\/types\/post"}],"author":[{"embeddable":true,"href":"https:\/\/organizzazione.cai.it\/gr-lombardia\/wp-json\/wp\/v2\/users\/1"}],"replies":[{"embeddable":true,"href":"https:\/\/organizzazione.cai.it\/gr-lombardia\/wp-json\/wp\/v2\/comments?post=1596"}],"version-history":[{"count":1,"href":"https:\/\/organizzazione.cai.it\/gr-lombardia\/wp-json\/wp\/v2\/posts\/1596\/revisions"}],"predecessor-version":[{"id":1739,"href":"https:\/\/organizzazione.cai.it\/gr-lombardia\/wp-json\/wp\/v2\/posts\/1596\/revisions\/1739"}],"wp:featuredmedia":[{"embeddable":true,"href":"https:\/\/organizzazione.cai.it\/gr-lombardia\/wp-json\/wp\/v2\/media\/366"}],"wp:attachment":[{"href":"https:\/\/organizzazione.cai.it\/gr-lombardia\/wp-json\/wp\/v2\/media?parent=1596"}],"wp:term":[{"taxonomy":"category","embeddable":true,"href":"https:\/\/organizzazione.cai.it\/gr-lombardia\/wp-json\/wp\/v2\/categories?post=1596"},{"taxonomy":"post_tag","embeddable":true,"href":"https:\/\/organizzazione.cai.it\/gr-lombardia\/wp-json\/wp\/v2\/tags?post=1596"}],"curies":[{"name":"wp","href":"https:\/\/api.w.org\/{rel}","templated":true}]}}