{"id":5993,"date":"2025-05-28T13:56:10","date_gmt":"2025-05-28T13:56:10","guid":{"rendered":"https:\/\/organizzazione.cai.it\/gr-lombardia\/?p=5993"},"modified":"2025-05-28T13:56:58","modified_gmt":"2025-05-28T13:56:58","slug":"festival-del-cammino","status":"publish","type":"post","link":"https:\/\/organizzazione.cai.it\/gr-lombardia\/2025\/05\/festival-del-cammino\/","title":{"rendered":"FESTIVAL DEL CAMMINO"},"content":{"rendered":"\n<p>Nella \u201ccultura attiva\u201d \u00e8 innegabile che l\u2019attivit\u00e0 regina, in quanto pi\u00f9 naturale e praticabile da chiunque ed a qualsiasi et\u00e0, sia il\u00a0<strong>Cammino<\/strong>. Se condotta in modo adeguato e costante, influisce positivamente su tutti gli apparati del corpo umano, combatte lo stress, ottimizza l\u2019umore e, non ultimo, affina le capacit\u00e0 senso percettive.<\/p>\n\n\n\n<p><\/p>\n\n\n\n<figure class=\"wp-block-image size-large\"><img loading=\"lazy\" decoding=\"async\" width=\"765\" height=\"1080\" src=\"https:\/\/organizzazione.cai.it\/gr-lombardia\/wp-content\/uploads\/sites\/63\/2025\/05\/whatsapp-image-2025-05-28-at-145302_97837cc2-1-765x1080.webp\" alt=\"- CAI\" class=\"wp-image-5994\" title=\"\" srcset=\"https:\/\/organizzazione.cai.it\/gr-lombardia\/wp-content\/uploads\/sites\/63\/2025\/05\/whatsapp-image-2025-05-28-at-145302_97837cc2-1-765x1080.webp 765w, https:\/\/organizzazione.cai.it\/gr-lombardia\/wp-content\/uploads\/sites\/63\/2025\/05\/whatsapp-image-2025-05-28-at-145302_97837cc2-1-510x720.webp 510w, https:\/\/organizzazione.cai.it\/gr-lombardia\/wp-content\/uploads\/sites\/63\/2025\/05\/whatsapp-image-2025-05-28-at-145302_97837cc2-1-768x1084.webp 768w, https:\/\/organizzazione.cai.it\/gr-lombardia\/wp-content\/uploads\/sites\/63\/2025\/05\/whatsapp-image-2025-05-28-at-145302_97837cc2-1.webp 945w\" sizes=\"(max-width: 765px) 100vw, 765px\" \/><\/figure>\n","protected":false},"excerpt":{"rendered":"<p>Nella \u201ccultura attiva\u201d \u00e8 innegabile che l\u2019attivit\u00e0 regina, in quanto pi\u00f9 naturale e praticabile da chiunque ed a qualsiasi et\u00e0, sia il\u00a0Cammino. Se condotta in modo adeguato e costante, influisce [&hellip;]<\/p>\n","protected":false},"author":178,"featured_media":5994,"comment_status":"closed","ping_status":"closed","sticky":false,"template":"","format":"standard","meta":{"footnotes":""},"categories":[4],"tags":[],"_links":{"self":[{"href":"https:\/\/organizzazione.cai.it\/gr-lombardia\/wp-json\/wp\/v2\/posts\/5993"}],"collection":[{"href":"https:\/\/organizzazione.cai.it\/gr-lombardia\/wp-json\/wp\/v2\/posts"}],"about":[{"href":"https:\/\/organizzazione.cai.it\/gr-lombardia\/wp-json\/wp\/v2\/types\/post"}],"author":[{"embeddable":true,"href":"https:\/\/organizzazione.cai.it\/gr-lombardia\/wp-json\/wp\/v2\/users\/178"}],"replies":[{"embeddable":true,"href":"https:\/\/organizzazione.cai.it\/gr-lombardia\/wp-json\/wp\/v2\/comments?post=5993"}],"version-history":[{"count":1,"href":"https:\/\/organizzazione.cai.it\/gr-lombardia\/wp-json\/wp\/v2\/posts\/5993\/revisions"}],"predecessor-version":[{"id":5995,"href":"https:\/\/organizzazione.cai.it\/gr-lombardia\/wp-json\/wp\/v2\/posts\/5993\/revisions\/5995"}],"wp:featuredmedia":[{"embeddable":true,"href":"https:\/\/organizzazione.cai.it\/gr-lombardia\/wp-json\/wp\/v2\/media\/5994"}],"wp:attachment":[{"href":"https:\/\/organizzazione.cai.it\/gr-lombardia\/wp-json\/wp\/v2\/media?parent=5993"}],"wp:term":[{"taxonomy":"category","embeddable":true,"href":"https:\/\/organizzazione.cai.it\/gr-lombardia\/wp-json\/wp\/v2\/categories?post=5993"},{"taxonomy":"post_tag","embeddable":true,"href":"https:\/\/organizzazione.cai.it\/gr-lombardia\/wp-json\/wp\/v2\/tags?post=5993"}],"curies":[{"name":"wp","href":"https:\/\/api.w.org\/{rel}","templated":true}]}}