{"id":131,"date":"2021-06-12T14:37:10","date_gmt":"2021-06-12T14:37:10","guid":{"rendered":"https:\/\/organizzazione.cai.it\/gr-sardegna\/2021\/06\/cai-nuoro-buona-estate\/"},"modified":"2021-06-12T14:37:10","modified_gmt":"2021-06-12T14:37:10","slug":"cai-nuoro-buona-estate","status":"publish","type":"post","link":"https:\/\/organizzazione.cai.it\/gr-sardegna\/2021\/06\/cai-nuoro-buona-estate\/","title":{"rendered":"Cai Nuoro, Buona Estate"},"content":{"rendered":"<p>Gentili socie e soci, con l&#8217;escursione sociale di domani 13 Giugno &#8220;le crestedel Corrasi&#8221;, siamo arrivati alla pausa estiva. E&#8217; evidente che siamo ancora agl inizi della ripresa dopo-Covid. Le nostre attivit\u00e0 e i nostri atteggiamenti sono stati ispirati dal rigoroso rispetto di regole dettate dal nostro buon senso e dalle autorit\u00e0 pubbliche cosi come dal Cai centrale. Abbiamo due obiettivi per settembre : la vaccinazione completa e l&#8217;organizazione della nostra vita sociale con lo spirito e la determinazione che sempre ci ha guidati. Certo, avremmo voluto il mese di Giugno arricchito dalle &#8220;due giorni&#8221; in Ogliastra, sul Golgo e sui senteri suggestivi di Ispuligidenie e Biriala, magari con un pensiero per il &#8220;Selvaggio blu&#8221;; oppure la due giorni sul Gennargentu, afforndando i nostri scarponi lungo le orme del &#8220;Cammno della Leva&#8221;, Aritzo-Lanusei, con lo zaino pieno di sentimento per quei ragazzi che, pedibus e scalzi, andavano appunto da 52 paesi a &#8220;tirare alla leva&#8221;, nell&#8217;ufficio della capitale ogliastrina, sino al 1927. Sentimento, perch\u00e8 tanti di loro, negli anni della grande guerra, sono caduti dentro le aspre e fredde trincee del Carso. Quest&#8217;anno, tregua consapevole, ma ci torneremo.\u00a0 Pausa di Luglio e Agosto non vuol dire attaccare gli scarponi al chiodo ! Un p\u00f2 di allenamento costante ci riporter\u00e0 a settembre pi\u00f9 forti di prima. La sede di Via Campania 22 rester\u00e0 chiusa. A disposizione per informazioni e per dare una mano, come sempre, la segreteria e la presidenza. Buona estate e a presto.<\/p>\n<p>Il CDS, la Segreteria, La Presidenza cai Nuoro.<\/p>\n<p>Anna Maria Piroddu, Alfieri Prina<\/p>\n<p>Giugno 2021<\/p>\n","protected":false},"excerpt":{"rendered":"<p>Gentili socie e soci, con l&#8217;escursione sociale di domani 13 Giugno &#8220;le crestedel Corrasi&#8221;, siamo arrivati alla pausa estiva. E&#8217; evidente che siamo ancora agl inizi della ripresa dopo-Covid. Le [&hellip;]<\/p>\n","protected":false},"author":1,"featured_media":132,"comment_status":"closed","ping_status":"open","sticky":false,"template":"","format":"standard","meta":{"footnotes":""},"categories":[6],"tags":[8],"_links":{"self":[{"href":"https:\/\/organizzazione.cai.it\/gr-sardegna\/wp-json\/wp\/v2\/posts\/131"}],"collection":[{"href":"https:\/\/organizzazione.cai.it\/gr-sardegna\/wp-json\/wp\/v2\/posts"}],"about":[{"href":"https:\/\/organizzazione.cai.it\/gr-sardegna\/wp-json\/wp\/v2\/types\/post"}],"author":[{"embeddable":true,"href":"https:\/\/organizzazione.cai.it\/gr-sardegna\/wp-json\/wp\/v2\/users\/1"}],"replies":[{"embeddable":true,"href":"https:\/\/organizzazione.cai.it\/gr-sardegna\/wp-json\/wp\/v2\/comments?post=131"}],"version-history":[{"count":0,"href":"https:\/\/organizzazione.cai.it\/gr-sardegna\/wp-json\/wp\/v2\/posts\/131\/revisions"}],"wp:featuredmedia":[{"embeddable":true,"href":"https:\/\/organizzazione.cai.it\/gr-sardegna\/wp-json\/wp\/v2\/media\/132"}],"wp:attachment":[{"href":"https:\/\/organizzazione.cai.it\/gr-sardegna\/wp-json\/wp\/v2\/media?parent=131"}],"wp:term":[{"taxonomy":"category","embeddable":true,"href":"https:\/\/organizzazione.cai.it\/gr-sardegna\/wp-json\/wp\/v2\/categories?post=131"},{"taxonomy":"post_tag","embeddable":true,"href":"https:\/\/organizzazione.cai.it\/gr-sardegna\/wp-json\/wp\/v2\/tags?post=131"}],"curies":[{"name":"wp","href":"https:\/\/api.w.org\/{rel}","templated":true}]}}