{"id":146,"date":"2021-01-21T16:09:00","date_gmt":"2021-01-21T16:09:00","guid":{"rendered":"https:\/\/organizzazione.cai.it\/gr-sardegna\/2021\/01\/terapia-forestale-impegno-cai-otto-esc-prospettive-e-azioni-2021\/"},"modified":"2021-01-21T16:09:00","modified_gmt":"2021-01-21T16:09:00","slug":"terapia-forestale-impegno-cai-otto-esc-prospettive-e-azioni-2021","status":"publish","type":"post","link":"https:\/\/organizzazione.cai.it\/gr-sardegna\/2021\/01\/terapia-forestale-impegno-cai-otto-esc-prospettive-e-azioni-2021\/","title":{"rendered":"Terapia Forestale, Impegno Cai. Otto Esc.. Prospettive E Azioni 2021"},"content":{"rendered":"<p><strong>\u00a0<\/strong><strong>\u00a0<\/strong><\/p>\n<p><strong>REPORT CAI SARDEGNA MEETING 20 GENNAIO 2021<\/strong><\/p>\n<p>Importante giornata ieri 20 Gennaio . Alle ore 16 , promosso dal vice presidente della commissione centrale scientifica, Giovanni Margheritini, meeting su \u201c<strong>Terapia<\/strong> <strong>forestale, ipotesi progetto nel parco regionale di Gutturu Mannu<\/strong>\u201d. Presenti oltre a Margheritini, per il CAI Sardegna Matteo Marteddu,\u00a0 Massimiliano Puddu, Nicola Pitzalis, per il Parco, il direttore Carlo Murgia, per il CNR Francesco Meneguzzo. Dall\u2019intervento iniziale di G. Margheritini si delinea l\u2019impegno che il CAI sta profondendo per seguire con grande attenzione la nuova frontiera della Terapia Forestale. All\u2019interno delle foreste si sviluppano elementi, \u201cTerpeni\u201d, per gli essenziali, gi\u00e0 testati, che incidono positivamente sul benessere degli individui. Tutti gli individui, come sottolineato dal rappresentante del CNR. Arrivate dall\u2019oriente le onde lunghe della nuova ricerca, vengono accolte e coltivate da rinomati istituti di ricerca nell\u2019occidente e in Europa. Il CAI da una mano all\u2019Italia. Perch\u00e9 Gutturu Mannu? Come descrive in maniera dettagliata il Direttore Murgia, il parco regionale risulta essere oggi la lecceta pi\u00f9 estesa del Mediterraneo. 19.750 ettari di bosco all\u2019interno di 30.000 ettari di ZSC. La legge regionale ne ha consacrato l\u2019importanza strategica anche per la sentieristica CAI. Sentieri che si sviluppano all\u2019interno per circa 180 Km, con segnaletica verticale e orizzontale in fase di completamento. Tutta l\u2019area \u00e8 collegata con le cittadine intorno tra cui Pula, Santadi, Capoterra. Come rimarca Meneguzzo queste peculiarit\u00e0 spingono all\u2019idea di un progetto condiviso, CNR, CAI, con Cai-Sardegna, Parco Gutturu Mannu, finalizzato all\u2019inserimento dell\u2019Isola nel grande filone della nuova ricerca sulle terapie del bosco. Interesse, con richiesta di una scheda dettagliata \u00e8 stato manifestato dai rappresentanti Cai Sardegna, Massimiliano Puddu e Nicola Pitzalis. Marteddu richiama la convenzione nazionale\u00a0 Cai-Mibact- Federparchi per studiare da parte della Cabina di regia, l\u2019inserimento dei parchi regionali, ora esclusi, sollecitando l\u2019intervento del Vice presidente Cai A. Montani. La riunione termina con l\u2019impegno di un ulteriore approfondimento del tema, con la relativa documentazione e con l\u2019impegno di Cai Sardegna di seguire con la dovuta attenzione, attraverso un costante monitoraggio e partecipazione al progetto. Viene assunto l\u2019impegno col Direttore Murgia per una eventuale escursione di Cai Sardegna all\u2019interno del Parco. Una volta furi dal tunnel!<\/p>\n<p>20 Gennaio ore 19, meeting OTTO esc.<\/p>\n<p><strong>Coordinata dal responsabile Fabio Pau, si riunisce la Commissione regionale OTTOEsc.<\/strong> Partecipano Matteo Marteddu, Silavana Marras, Alfieri Prina, Salvatore Sotgiu. Prima riunione della nuova commissione. Quindi primo scambio di opinioni e subito, dopo la breve introduzione di Marteddu e Pau, in \u201cmedias res\u201d. Si entra cio\u00e8 subito nel vivo del ruolo della commissione e dei corsi di formazione e di aggiornamento. Fabio Pau riferisce dei colloqui con Marco Lavezzo responsabile CCE e richiama l\u2019attenzione sulla necessit\u00e0 di lavorare per dare a Cai Sardegna le opportunit\u00e0 di una qualificata formazione e aggiornamento dei suoi titolati e qualificati. Alfieri, forte della sua esperienza pluriennale in Cai Nuoro, sostiene l\u2019urgenza della costruzione dal basso dei processi formativi. \u201cFormazione, e videlizzazione al Cai, sostiene Alfieri, debbono andare di pari passo\u201d. Quindi promuovere anche i corsi sezionali E1\/2, come luogo di rafforzamento del legame tra il socio e il sodalizio di appartenenza. Un percorso per gradi capace di produrre compiuta formazione e qualit\u00e0. Anche con le risorse, sottolinea Alfieri, che gi\u00e0 in Sardegna operano, tenendo conto che il compito degli AE \u00e8 soprattutto di natura didattica.. Sulla stessa linea Savatore Sotgiu che sollecita la disponibilit\u00e0 di coloro che hanno nel Cai ruoli di formazione. Silvana Marras, pur condividendo l\u2019intervento di Alfieri, pone in risalto la forte necessit\u00e0 della organizzazione dei corsi AE, posto che questo non solo non entra in contraddizione ma anzi rende pi\u00f9 solida l \u2018azione\u00a0\u00a0 formativa delle singole sezioni. Il responsabile Pau comunica che dagli incontri telefonici con Lavezzo ne ricava la disponibilit\u00e0 di CCE a consentire i corsi sia in Sardegna, con l\u2019utilizzo quindi di risorse disponibili locali, sia in altre aree della penisola, tra le quali la pi\u00f9 agibile per i sardi potrebbe configurarsi la Liguria. Marteddu sollecita ad una visione\u00a0 regionale della formazione CAI, senza per questo derubricare l\u2019insostituibile ruolo delle sezioni, Al termine della importante discussione si concorda su:<\/p>\n<ol>\n<li>Fotografia reale della situazione formativa nelle singolo sezioni e sezioni gemmate Ogliastra, \u201cEleonora\u201d, Gallura:<\/li>\n<li>Al fine di concretizzare questo iniziale screening, predisporre una richiesta di OTTO Esc, a firma Fabio Pau, da inviare a ai presidenti sezionali, i quali dovranno dare risposte in merito alla effettiva domanda di formazione (E1\/2, ASE, AE) con allegatala disponibilit\u00e0 degli AE e ANE a garantire percorsi formativi a livello regionale;<\/li>\n<li>Nuova riunione per una valutazione pi\u00f9 concreta del quadro regionale, con la richiesta della possibile partecipazione di Marco Lavezzo.<\/li>\n<li>Il Meeting termina alle ore 20.30.<\/li>\n<\/ol>\n<p>20 Gennaio 2021<\/p>\n<p>Matteo Marteddu<\/p>\n","protected":false},"excerpt":{"rendered":"<p>\u00a0\u00a0 REPORT CAI SARDEGNA MEETING 20 GENNAIO 2021 Importante giornata ieri 20 Gennaio . Alle ore 16 , promosso dal vice presidente della commissione centrale scientifica, Giovanni Margheritini, meeting su [&hellip;]<\/p>\n","protected":false},"author":1,"featured_media":147,"comment_status":"closed","ping_status":"open","sticky":false,"template":"","format":"standard","meta":{"footnotes":""},"categories":[6],"tags":[7],"_links":{"self":[{"href":"https:\/\/organizzazione.cai.it\/gr-sardegna\/wp-json\/wp\/v2\/posts\/146"}],"collection":[{"href":"https:\/\/organizzazione.cai.it\/gr-sardegna\/wp-json\/wp\/v2\/posts"}],"about":[{"href":"https:\/\/organizzazione.cai.it\/gr-sardegna\/wp-json\/wp\/v2\/types\/post"}],"author":[{"embeddable":true,"href":"https:\/\/organizzazione.cai.it\/gr-sardegna\/wp-json\/wp\/v2\/users\/1"}],"replies":[{"embeddable":true,"href":"https:\/\/organizzazione.cai.it\/gr-sardegna\/wp-json\/wp\/v2\/comments?post=146"}],"version-history":[{"count":0,"href":"https:\/\/organizzazione.cai.it\/gr-sardegna\/wp-json\/wp\/v2\/posts\/146\/revisions"}],"wp:featuredmedia":[{"embeddable":true,"href":"https:\/\/organizzazione.cai.it\/gr-sardegna\/wp-json\/wp\/v2\/media\/147"}],"wp:attachment":[{"href":"https:\/\/organizzazione.cai.it\/gr-sardegna\/wp-json\/wp\/v2\/media?parent=146"}],"wp:term":[{"taxonomy":"category","embeddable":true,"href":"https:\/\/organizzazione.cai.it\/gr-sardegna\/wp-json\/wp\/v2\/categories?post=146"},{"taxonomy":"post_tag","embeddable":true,"href":"https:\/\/organizzazione.cai.it\/gr-sardegna\/wp-json\/wp\/v2\/tags?post=146"}],"curies":[{"name":"wp","href":"https:\/\/api.w.org\/{rel}","templated":true}]}}