{"id":2002,"date":"2025-06-10T16:21:35","date_gmt":"2025-06-10T16:21:35","guid":{"rendered":"https:\/\/organizzazione.cai.it\/gr-sardegna\/?p=2002"},"modified":"2025-06-10T16:21:35","modified_gmt":"2025-06-10T16:21:35","slug":"sicuri-in-montagna-d-estate","status":"publish","type":"post","link":"https:\/\/organizzazione.cai.it\/gr-sardegna\/2025\/06\/sicuri-in-montagna-d-estate\/","title":{"rendered":"SICURI IN MONTAGNA D ESTATE"},"content":{"rendered":"\n<p>\ud83d\udcc5 Domenica 15 giugno appuntamento con la prevenzione per la giornata nazionale SICURI IN MONTAGNA D&#8217;ESTATE! \ud83d\udc47<\/p>\n\n\n\n<h1 class=\"wp-block-heading\">ClubAlpinoItaliano e Corpo Nazionale Soccorso Alpino e Speleologico &#8211; CNSAS vi aspettano per una serie di appuntamenti dedicati alla consapevolezza dei rischi<\/h1>\n\n\n\n<p>e dei limiti personali nella frequentazione dell\u2019ambiente montano.<\/p>\n\n\n\n<p>L\u2019evento diffuso, arrivato alla 25esima edizione, da quest\u2019anno cambia denominazione: non pi\u00f9 \u201cSicuri sul Sentiero\u201d, ma \u201cSicuri in Montagna d\u2019estate\u201d, tenendo conto della diversificazione delle attivit\u00e0 praticate registrata in questi ultimi anni (mountain bike, ferrate, falesie\u2026), che di conseguenza ha accresciuto la tipologia dei rischi.<\/p>\n\n\n\n<p>Tra i focus di quest&#8217;anno, l&#8217;informazione non qualificata, priva di cultura della montagna, sensibilit\u00e0 e responsabilit\u00e0 nei confronti dell&#8217;ambiente, e le conseguenze della crisi climatica sulla stabilit\u00e0 di versanti, itinerari escursionistici e vie alpinistiche.<\/p>\n\n\n\n<p>Per trovare i punti informativi consultate il sito \ud83d\udc49 http:\/\/www.sicurinmontagna.it\/news-eventi\/evento\/sicuri-in-montagna-d-estate-domenica-15-giugno-2025<\/p>\n\n\n\n<figure class=\"wp-block-image size-large\"><img loading=\"lazy\" decoding=\"async\" width=\"832\" height=\"1080\" src=\"https:\/\/organizzazione.cai.it\/gr-sardegna\/wp-content\/uploads\/sites\/64\/2025\/03\/trek-1-832x1080.webp\" alt=\"- CAI\" class=\"wp-image-1467\" title=\"\" srcset=\"https:\/\/organizzazione.cai.it\/gr-sardegna\/wp-content\/uploads\/sites\/64\/2025\/03\/trek-1-832x1080.webp 832w, https:\/\/organizzazione.cai.it\/gr-sardegna\/wp-content\/uploads\/sites\/64\/2025\/03\/trek-1-555x720.webp 555w, https:\/\/organizzazione.cai.it\/gr-sardegna\/wp-content\/uploads\/sites\/64\/2025\/03\/trek-1-768x997.webp 768w, https:\/\/organizzazione.cai.it\/gr-sardegna\/wp-content\/uploads\/sites\/64\/2025\/03\/trek-1-1183x1536.webp 1183w, https:\/\/organizzazione.cai.it\/gr-sardegna\/wp-content\/uploads\/sites\/64\/2025\/03\/trek-1-1577x2048.webp 1577w, https:\/\/organizzazione.cai.it\/gr-sardegna\/wp-content\/uploads\/sites\/64\/2025\/03\/trek-1-scaled.webp 1972w\" sizes=\"(max-width: 832px) 100vw, 832px\" \/><\/figure>\n","protected":false},"excerpt":{"rendered":"<p>\ud83d\udcc5 Domenica 15 giugno appuntamento con la prevenzione per la giornata nazionale SICURI IN MONTAGNA D&#8217;ESTATE! \ud83d\udc47 ClubAlpinoItaliano e Corpo Nazionale Soccorso Alpino e Speleologico &#8211; CNSAS vi aspettano per [&hellip;]<\/p>\n","protected":false},"author":119,"featured_media":36,"comment_status":"closed","ping_status":"closed","sticky":false,"template":"","format":"standard","meta":{"footnotes":""},"categories":[4],"tags":[],"_links":{"self":[{"href":"https:\/\/organizzazione.cai.it\/gr-sardegna\/wp-json\/wp\/v2\/posts\/2002"}],"collection":[{"href":"https:\/\/organizzazione.cai.it\/gr-sardegna\/wp-json\/wp\/v2\/posts"}],"about":[{"href":"https:\/\/organizzazione.cai.it\/gr-sardegna\/wp-json\/wp\/v2\/types\/post"}],"author":[{"embeddable":true,"href":"https:\/\/organizzazione.cai.it\/gr-sardegna\/wp-json\/wp\/v2\/users\/119"}],"replies":[{"embeddable":true,"href":"https:\/\/organizzazione.cai.it\/gr-sardegna\/wp-json\/wp\/v2\/comments?post=2002"}],"version-history":[{"count":1,"href":"https:\/\/organizzazione.cai.it\/gr-sardegna\/wp-json\/wp\/v2\/posts\/2002\/revisions"}],"predecessor-version":[{"id":2003,"href":"https:\/\/organizzazione.cai.it\/gr-sardegna\/wp-json\/wp\/v2\/posts\/2002\/revisions\/2003"}],"wp:featuredmedia":[{"embeddable":true,"href":"https:\/\/organizzazione.cai.it\/gr-sardegna\/wp-json\/wp\/v2\/media\/36"}],"wp:attachment":[{"href":"https:\/\/organizzazione.cai.it\/gr-sardegna\/wp-json\/wp\/v2\/media?parent=2002"}],"wp:term":[{"taxonomy":"category","embeddable":true,"href":"https:\/\/organizzazione.cai.it\/gr-sardegna\/wp-json\/wp\/v2\/categories?post=2002"},{"taxonomy":"post_tag","embeddable":true,"href":"https:\/\/organizzazione.cai.it\/gr-sardegna\/wp-json\/wp\/v2\/tags?post=2002"}],"curies":[{"name":"wp","href":"https:\/\/api.w.org\/{rel}","templated":true}]}}