{"id":2022,"date":"2025-06-11T13:46:00","date_gmt":"2025-06-11T13:46:00","guid":{"rendered":"https:\/\/organizzazione.cai.it\/gr-sardegna\/?p=2022"},"modified":"2025-06-11T13:49:59","modified_gmt":"2025-06-11T13:49:59","slug":"cai-oristano-corso-e1","status":"publish","type":"post","link":"https:\/\/organizzazione.cai.it\/gr-sardegna\/2025\/06\/cai-oristano-corso-e1\/","title":{"rendered":"CAI ORISTANO CORSO E1"},"content":{"rendered":"\n<p>Esplorare la montagna \u00e8 un\u2019esperienza incredibile, ma pu\u00f2 anche essere imprevedibile. Sapere come comportarsi e avere le basi per agire correttamente pu\u00f2 essere vitale in molte situazioni.<br>Preparare lo zaino \u00e8 tanto importante quanto camminare con una base di conoscenze precise che ti permettano di procedere in montagna, qualunque montagna, in piena sicurezza e consapevolezza.<br>https:\/\/organizzazione.cai.it\/sez-oristano\/evento\/corso-e1\/<\/p>\n\n\n\n<figure class=\"wp-block-embed is-type-wp-embed is-provider-sezione-di-oristano wp-block-embed-sezione-di-oristano\"><div class=\"wp-block-embed__wrapper\">\n<blockquote class=\"wp-embedded-content\" data-secret=\"5byMOaNmwl\"><a href=\"https:\/\/organizzazione.cai.it\/sez-oristano\/evento\/corso-e1\/\">Corso sezionale E1 di Escursionismo di Base<\/a><\/blockquote><iframe class=\"wp-embedded-content\" sandbox=\"allow-scripts\" security=\"restricted\" style=\"position: absolute; clip: rect(1px, 1px, 1px, 1px);\" title=\"&#8220;Corso sezionale E1 di Escursionismo di Base&#8221; &#8212; Sezione di Oristano\" src=\"https:\/\/organizzazione.cai.it\/sez-oristano\/evento\/corso-e1\/embed\/#?secret=rXaFovbzWd#?secret=5byMOaNmwl\" data-secret=\"5byMOaNmwl\" width=\"600\" height=\"338\" frameborder=\"0\" marginwidth=\"0\" marginheight=\"0\" scrolling=\"no\"><\/iframe>\n<\/div><\/figure>\n\n\n\n<figure class=\"wp-block-image size-large\"><img loading=\"lazy\" decoding=\"async\" width=\"879\" height=\"1080\" src=\"https:\/\/organizzazione.cai.it\/gr-sardegna\/wp-content\/uploads\/sites\/64\/2025\/02\/cat-1-879x1080.webp\" alt=\"- CAI\" class=\"wp-image-1443\" title=\"\" srcset=\"https:\/\/organizzazione.cai.it\/gr-sardegna\/wp-content\/uploads\/sites\/64\/2025\/02\/cat-1-879x1080.webp 879w, https:\/\/organizzazione.cai.it\/gr-sardegna\/wp-content\/uploads\/sites\/64\/2025\/02\/cat-1-586x720.webp 586w, https:\/\/organizzazione.cai.it\/gr-sardegna\/wp-content\/uploads\/sites\/64\/2025\/02\/cat-1-768x944.webp 768w, https:\/\/organizzazione.cai.it\/gr-sardegna\/wp-content\/uploads\/sites\/64\/2025\/02\/cat-1.webp 1080w\" sizes=\"(max-width: 879px) 100vw, 879px\" \/><\/figure>\n","protected":false},"excerpt":{"rendered":"<p>Esplorare la montagna \u00e8 un\u2019esperienza incredibile, ma pu\u00f2 anche essere imprevedibile. Sapere come comportarsi e avere le basi per agire correttamente pu\u00f2 essere vitale in molte situazioni.Preparare lo zaino \u00e8 [&hellip;]<\/p>\n","protected":false},"author":119,"featured_media":36,"comment_status":"closed","ping_status":"closed","sticky":false,"template":"","format":"standard","meta":{"footnotes":""},"categories":[4],"tags":[],"_links":{"self":[{"href":"https:\/\/organizzazione.cai.it\/gr-sardegna\/wp-json\/wp\/v2\/posts\/2022"}],"collection":[{"href":"https:\/\/organizzazione.cai.it\/gr-sardegna\/wp-json\/wp\/v2\/posts"}],"about":[{"href":"https:\/\/organizzazione.cai.it\/gr-sardegna\/wp-json\/wp\/v2\/types\/post"}],"author":[{"embeddable":true,"href":"https:\/\/organizzazione.cai.it\/gr-sardegna\/wp-json\/wp\/v2\/users\/119"}],"replies":[{"embeddable":true,"href":"https:\/\/organizzazione.cai.it\/gr-sardegna\/wp-json\/wp\/v2\/comments?post=2022"}],"version-history":[{"count":2,"href":"https:\/\/organizzazione.cai.it\/gr-sardegna\/wp-json\/wp\/v2\/posts\/2022\/revisions"}],"predecessor-version":[{"id":2025,"href":"https:\/\/organizzazione.cai.it\/gr-sardegna\/wp-json\/wp\/v2\/posts\/2022\/revisions\/2025"}],"wp:featuredmedia":[{"embeddable":true,"href":"https:\/\/organizzazione.cai.it\/gr-sardegna\/wp-json\/wp\/v2\/media\/36"}],"wp:attachment":[{"href":"https:\/\/organizzazione.cai.it\/gr-sardegna\/wp-json\/wp\/v2\/media?parent=2022"}],"wp:term":[{"taxonomy":"category","embeddable":true,"href":"https:\/\/organizzazione.cai.it\/gr-sardegna\/wp-json\/wp\/v2\/categories?post=2022"},{"taxonomy":"post_tag","embeddable":true,"href":"https:\/\/organizzazione.cai.it\/gr-sardegna\/wp-json\/wp\/v2\/tags?post=2022"}],"curies":[{"name":"wp","href":"https:\/\/api.w.org\/{rel}","templated":true}]}}