{"id":2145,"date":"2025-06-28T11:35:39","date_gmt":"2025-06-28T11:35:39","guid":{"rendered":"https:\/\/organizzazione.cai.it\/gr-sardegna\/?p=2145"},"modified":"2025-06-28T11:35:39","modified_gmt":"2025-06-28T11:35:39","slug":"cai-scuola-bilancio-di-un-anno","status":"publish","type":"post","link":"https:\/\/organizzazione.cai.it\/gr-sardegna\/2025\/06\/cai-scuola-bilancio-di-un-anno\/","title":{"rendered":"CAI SCUOLA BILANCIO DI UN ANNO"},"content":{"rendered":"\n<p>Costituito il&nbsp;<strong>14 giugno 2024<\/strong>&nbsp;dal Comitato Direttivo Centrale del Club Alpino Italiano, durante una riunione tenutasi presso la Sezione CAI di Roma, il&nbsp;<strong>Gruppo di lavoro \u201cCAI Scuola\u201d<\/strong>&nbsp;\u00e8 composto da sette membri (quattro donne e tre uomini), coordinati da&nbsp;<strong>Felicia Cutolo<\/strong>. Un gruppo piccolo ma determinato, nato con l\u2019obiettivo di&nbsp;<strong>rafforzare e rendere pi\u00f9 sistematico il legame tra il mondo della scuola e quello della montagna<\/strong>.<\/p>\n\n\n\n<p>Nel corso dell\u2019anno il CAI Scuola ha raccolto, sostenuto e promosso le molteplici attivit\u00e0 che le Sezioni locali gi\u00e0 portano avanti nei territori,&nbsp;<strong>creando ponti tra gli istituti scolastici e le terre alte<\/strong>. Il punto di forza \u00e8 stato proprio il passaggio dalle lezioni in aula alla&nbsp;<strong>scoperta diretta dell\u2019ambiente naturale<\/strong>: escursioni, uscite didattiche e attivit\u00e0 sul campo che hanno permesso a migliaia di studenti e docenti di \u201ctrasferire\u201d la scuola in montagna.<\/p>\n\n\n\n<p>L\u2019esperienza immersiva nei paesaggi alpini e appenninici \u00e8 diventata un modo per imparare sul campo la storia, la cultura e la biodiversit\u00e0 di questi ambienti, stimolando negli studenti non solo curiosit\u00e0, ma anche senso di responsabilit\u00e0 verso il territorio.<\/p>\n\n\n\n<h2 class=\"wp-block-heading\">I PROGETTI EDUCATIVI E LA FORMAZIONE PER INSEGNANTI<\/h2>\n\n\n\n<p>Tra le iniziative pi\u00f9 significative spiccano i progetti&nbsp;<em><strong>In Cammino sul Sentiero Italia CAI<\/strong><\/em><strong>&nbsp;<\/strong>e&nbsp;<em><strong>Turismo responsabile in Montagna<\/strong><\/em>, che hanno coinvolto centinaia di classi e migliaia di studenti in tutta Italia. Un contributo concreto alla diffusione dell\u2019educazione ambientale e alla sensibilizzazione sul valore e la tutela della montagna.<\/p>\n\n\n\n<p>Parallelamente il CAI Scuola ha investito anche nella&nbsp;<strong>formazione dei docenti<\/strong>, offrendo corsi di 4-5 giorni per insegnanti di ogni ordine e grado. Un percorso formativo che ha permesso agli educatori di acquisire nuove competenze e materiali didattici da riportare nelle loro scuole, creando un effetto moltiplicatore nella sensibilizzazione delle nuove generazioni.<\/p>\n\n\n\n<h2 class=\"wp-block-heading\">SOSTENIBILIT\u00c0: LA BORRACCIA COME SIMBOLO<\/h2>\n\n\n\n<p>Non solo educazione, ma anche azioni concrete per l\u2019ambiente: la campagna&nbsp;<em><strong>Montagna Pulita: Evviva la borraccia \u2013 Liberi dalla plastica<\/strong><\/em>&nbsp;ha promosso l\u2019uso della borraccia al posto delle bottigliette usa e getta. Un gesto semplice ma simbolico per contrastare l\u2019abbandono dei rifiuti e ridurre l\u2019inquinamento anche nei luoghi pi\u00f9 remoti.<\/p>\n\n\n\n<h2 class=\"wp-block-heading\">UN PRIMO BILANCIO E UNO SGUARDO AL FUTURO<\/h2>\n\n\n\n<p>Il bilancio tracciato dal gruppo \u00e8 positivo: sono cresciute le competenze, migliorata la capacit\u00e0 di lavoro di squadra e aumentata l\u2019efficacia della comunicazione. I risultati ottenuti sono merito del lavoro collettivo dell\u2019intero CAI, sempre pi\u00f9 riconosciuto come presidio attivo di cultura e territorio. Collaborazioni con enti come&nbsp;<strong>Federparchi, ASviS, UNCEM e ANCI&nbsp;<\/strong>confermano la crescente centralit\u00e0 del progetto.<\/p>\n\n\n\n<p>Durante l\u2019ultima Assemblea dei Delegati a Catania, attraverso un questionario rivolto alle Sezioni, sono emerse indicazioni utili per migliorare ulteriormente l\u2019impatto delle attivit\u00e0 nei prossimi anni, puntando a iniziative sempre pi\u00f9 attrattive, efficaci e sostenibili.<\/p>\n\n\n\n<p><em>\u201cCAI Scuola procede insieme per migliorare la qualit\u00e0 e aumentare l\u2019efficacia delle azioni&nbsp;<\/em>\u2013 scrive il gruppo \u2013&nbsp;<em>invitando a guardarsi attorno mentre si cammina, ricordando sempre che il sentiero \u00e8 la vera meta\u201d.<\/em>&nbsp;Un messaggio che \u00e8 anche una visione educativa: crescere esplorando, imparare rispettando. E, soprattutto, camminare insieme.<\/p>\n\n\n\n<figure class=\"wp-block-image size-large\"><img loading=\"lazy\" decoding=\"async\" width=\"810\" height=\"1080\" src=\"https:\/\/organizzazione.cai.it\/gr-sardegna\/wp-content\/uploads\/sites\/64\/2025\/06\/ec3cb869-8d26-4c06-82f0-5098907e4468-1-810x1080.webp\" alt=\"- CAI\" class=\"wp-image-2146\" title=\"\" srcset=\"https:\/\/organizzazione.cai.it\/gr-sardegna\/wp-content\/uploads\/sites\/64\/2025\/06\/ec3cb869-8d26-4c06-82f0-5098907e4468-1-810x1080.webp 810w, https:\/\/organizzazione.cai.it\/gr-sardegna\/wp-content\/uploads\/sites\/64\/2025\/06\/ec3cb869-8d26-4c06-82f0-5098907e4468-1-540x720.webp 540w, https:\/\/organizzazione.cai.it\/gr-sardegna\/wp-content\/uploads\/sites\/64\/2025\/06\/ec3cb869-8d26-4c06-82f0-5098907e4468-1-768x1024.webp 768w, https:\/\/organizzazione.cai.it\/gr-sardegna\/wp-content\/uploads\/sites\/64\/2025\/06\/ec3cb869-8d26-4c06-82f0-5098907e4468-1-1152x1536.webp 1152w, https:\/\/organizzazione.cai.it\/gr-sardegna\/wp-content\/uploads\/sites\/64\/2025\/06\/ec3cb869-8d26-4c06-82f0-5098907e4468-1.webp 1200w\" sizes=\"(max-width: 810px) 100vw, 810px\" \/><\/figure>\n\n\n\n<p><\/p>\n","protected":false},"excerpt":{"rendered":"<p>Costituito il&nbsp;14 giugno 2024&nbsp;dal Comitato Direttivo Centrale del Club Alpino Italiano, durante una riunione tenutasi presso la Sezione CAI di Roma, il&nbsp;Gruppo di lavoro \u201cCAI Scuola\u201d&nbsp;\u00e8 composto da sette membri [&hellip;]<\/p>\n","protected":false},"author":119,"featured_media":36,"comment_status":"closed","ping_status":"closed","sticky":false,"template":"","format":"standard","meta":{"footnotes":""},"categories":[4],"tags":[],"_links":{"self":[{"href":"https:\/\/organizzazione.cai.it\/gr-sardegna\/wp-json\/wp\/v2\/posts\/2145"}],"collection":[{"href":"https:\/\/organizzazione.cai.it\/gr-sardegna\/wp-json\/wp\/v2\/posts"}],"about":[{"href":"https:\/\/organizzazione.cai.it\/gr-sardegna\/wp-json\/wp\/v2\/types\/post"}],"author":[{"embeddable":true,"href":"https:\/\/organizzazione.cai.it\/gr-sardegna\/wp-json\/wp\/v2\/users\/119"}],"replies":[{"embeddable":true,"href":"https:\/\/organizzazione.cai.it\/gr-sardegna\/wp-json\/wp\/v2\/comments?post=2145"}],"version-history":[{"count":1,"href":"https:\/\/organizzazione.cai.it\/gr-sardegna\/wp-json\/wp\/v2\/posts\/2145\/revisions"}],"predecessor-version":[{"id":2147,"href":"https:\/\/organizzazione.cai.it\/gr-sardegna\/wp-json\/wp\/v2\/posts\/2145\/revisions\/2147"}],"wp:featuredmedia":[{"embeddable":true,"href":"https:\/\/organizzazione.cai.it\/gr-sardegna\/wp-json\/wp\/v2\/media\/36"}],"wp:attachment":[{"href":"https:\/\/organizzazione.cai.it\/gr-sardegna\/wp-json\/wp\/v2\/media?parent=2145"}],"wp:term":[{"taxonomy":"category","embeddable":true,"href":"https:\/\/organizzazione.cai.it\/gr-sardegna\/wp-json\/wp\/v2\/categories?post=2145"},{"taxonomy":"post_tag","embeddable":true,"href":"https:\/\/organizzazione.cai.it\/gr-sardegna\/wp-json\/wp\/v2\/tags?post=2145"}],"curies":[{"name":"wp","href":"https:\/\/api.w.org\/{rel}","templated":true}]}}