{"id":2188,"date":"2025-07-03T18:00:31","date_gmt":"2025-07-03T18:00:31","guid":{"rendered":"https:\/\/organizzazione.cai.it\/gr-sardegna\/?p=2188"},"modified":"2025-07-03T18:00:31","modified_gmt":"2025-07-03T18:00:31","slug":"cai-e-crisi-climatiche-dalla-marmolada-in-giu-o-in-su","status":"publish","type":"post","link":"https:\/\/organizzazione.cai.it\/gr-sardegna\/2025\/07\/cai-e-crisi-climatiche-dalla-marmolada-in-giu-o-in-su\/","title":{"rendered":"CAI E CRISI CLIMATICHE\u2026. DALLA MARMOLADA IN GI\u00d9 O IN SU\u2026."},"content":{"rendered":"\n<figure class=\"wp-block-image\"><img decoding=\"async\" src=\"https:\/\/www.loscarpone.cai.it\/Sites\/435\/Media\/2024\/04\/IMG_8913.jpg\" alt=\"- CAI\" title=\"\"><figcaption class=\"wp-element-caption\">\u201cMarmolada 03.07.22\u201d \u00a9 Cineblend<\/figcaption><\/figure>\n\n\n\n<p>Il&nbsp;<a href=\"https:\/\/www.loscarpone.cai.it\/dettaglio\/marmolada-3-anni-dopo\/\" target=\"_blank\" rel=\"noreferrer noopener\"><strong>crollo del ghiacciaio Marmolada<\/strong>, avvenuto il<strong>&nbsp;3 luglio 2022<\/strong><\/a>, ha causato la morte di&nbsp;<strong>11 escursionisti e il ferimento di altri 8<\/strong>. In occasione del terzo anniversario,<strong>&nbsp;il Club Alpino Italiano si impegna<\/strong>&nbsp;a mantenere alta l\u2019attenzione sulle conseguenze della crisi climatica nei territori montani.&nbsp;<\/p>\n\n\n\n<p><em>\u201cA tre anni da quel disastroso e tragico incidente, ricordiamo con sommesso dolore le vittime. Gli eventi catastrofici di questi giorni, che si ripetono, da San Vito di Cadore a Bardonecchia, causati da fenomeni estremi sempre pi\u00f9 frequenti, che siano le piogge violente o gli eccessi di calore, ci devono ancora una volta far riflettere sulle nostre azioni e politiche industriali che incidono direttamente sulle emissioni di CO2 e di conseguenza sul clima. In particolare, la montagna ne risente maggiormente, per la sua fragilit\u00e0 intrinseca\u201d<\/em>&nbsp;&#8211; afferma&nbsp;<strong>Mario Vaccarella<\/strong>, componente aggiunto del Comitato Direttivo Centrale&nbsp;<strong>per le tematiche ambientali ed escursionistiche<\/strong>&nbsp;-.<em>&nbsp;Il Club Alpino Italiano e la sua Presidenza sono consapevoli di ci\u00f2 e intendono impegnarsi in modo sostenibile in tutte le attivit\u00e0 che saranno effettuate. Attivit\u00e0 che dovranno avere alla base buone pratiche e comportamenti virtuosi, per quanti frequentano la montagna, in modo da ridurre l\u2019impronta ecologica generata e incidere il meno possibile sui cambiamenti climatici. Da ricordare anche l&#8217;impegno del CAI e del Soccorso Alpino nel gruppo di lavoro rischio alpino presso il dipartimento di protezione civile per la stesura del documento di protezione civile rilanciato proprio dopo il disastro della Marmolada.&#8221;.&nbsp;<\/em><br><em>\u201cQuest\u2019anno verranno ripetute due iniziative in due ghiacciai, Adamello e monte Rosa, insieme ad altri enti (Comitato Glaciologico Italiano, Cipra e Legambiente), per sensibilizzare e far conoscere quanto pi\u00f9 possibile la problematica e rendere consapevoli i cittadini\u201d,&nbsp;<\/em>conclude Vaccarella.<\/p>\n\n\n\n<figure class=\"wp-block-image size-large\"><img loading=\"lazy\" decoding=\"async\" width=\"1440\" height=\"1080\" src=\"https:\/\/organizzazione.cai.it\/gr-sardegna\/wp-content\/uploads\/sites\/64\/2025\/07\/img_8889-1440x1080.webp\" alt=\"- CAI\" class=\"wp-image-2189\" title=\"\" srcset=\"https:\/\/organizzazione.cai.it\/gr-sardegna\/wp-content\/uploads\/sites\/64\/2025\/07\/img_8889-1440x1080.webp 1440w, https:\/\/organizzazione.cai.it\/gr-sardegna\/wp-content\/uploads\/sites\/64\/2025\/07\/img_8889-960x720.webp 960w, https:\/\/organizzazione.cai.it\/gr-sardegna\/wp-content\/uploads\/sites\/64\/2025\/07\/img_8889-768x576.webp 768w, https:\/\/organizzazione.cai.it\/gr-sardegna\/wp-content\/uploads\/sites\/64\/2025\/07\/img_8889-1536x1152.webp 1536w, https:\/\/organizzazione.cai.it\/gr-sardegna\/wp-content\/uploads\/sites\/64\/2025\/07\/img_8889-2048x1536.webp 2048w\" sizes=\"(max-width: 1440px) 100vw, 1440px\" \/><\/figure>\n","protected":false},"excerpt":{"rendered":"<p>Il&nbsp;crollo del ghiacciaio Marmolada, avvenuto il&nbsp;3 luglio 2022, ha causato la morte di&nbsp;11 escursionisti e il ferimento di altri 8. In occasione del terzo anniversario,&nbsp;il Club Alpino Italiano si impegna&nbsp;a [&hellip;]<\/p>\n","protected":false},"author":119,"featured_media":36,"comment_status":"closed","ping_status":"closed","sticky":false,"template":"","format":"standard","meta":{"footnotes":""},"categories":[4],"tags":[],"_links":{"self":[{"href":"https:\/\/organizzazione.cai.it\/gr-sardegna\/wp-json\/wp\/v2\/posts\/2188"}],"collection":[{"href":"https:\/\/organizzazione.cai.it\/gr-sardegna\/wp-json\/wp\/v2\/posts"}],"about":[{"href":"https:\/\/organizzazione.cai.it\/gr-sardegna\/wp-json\/wp\/v2\/types\/post"}],"author":[{"embeddable":true,"href":"https:\/\/organizzazione.cai.it\/gr-sardegna\/wp-json\/wp\/v2\/users\/119"}],"replies":[{"embeddable":true,"href":"https:\/\/organizzazione.cai.it\/gr-sardegna\/wp-json\/wp\/v2\/comments?post=2188"}],"version-history":[{"count":1,"href":"https:\/\/organizzazione.cai.it\/gr-sardegna\/wp-json\/wp\/v2\/posts\/2188\/revisions"}],"predecessor-version":[{"id":2190,"href":"https:\/\/organizzazione.cai.it\/gr-sardegna\/wp-json\/wp\/v2\/posts\/2188\/revisions\/2190"}],"wp:featuredmedia":[{"embeddable":true,"href":"https:\/\/organizzazione.cai.it\/gr-sardegna\/wp-json\/wp\/v2\/media\/36"}],"wp:attachment":[{"href":"https:\/\/organizzazione.cai.it\/gr-sardegna\/wp-json\/wp\/v2\/media?parent=2188"}],"wp:term":[{"taxonomy":"category","embeddable":true,"href":"https:\/\/organizzazione.cai.it\/gr-sardegna\/wp-json\/wp\/v2\/categories?post=2188"},{"taxonomy":"post_tag","embeddable":true,"href":"https:\/\/organizzazione.cai.it\/gr-sardegna\/wp-json\/wp\/v2\/tags?post=2188"}],"curies":[{"name":"wp","href":"https:\/\/api.w.org\/{rel}","templated":true}]}}