{"id":2307,"date":"2025-07-18T11:51:14","date_gmt":"2025-07-18T11:51:14","guid":{"rendered":"https:\/\/organizzazione.cai.it\/gr-sardegna\/?p=2307"},"modified":"2025-07-18T11:51:14","modified_gmt":"2025-07-18T11:51:14","slug":"da-sardegna-sentieri-alessio-saba-ci-informa-ottima-collaborazione-cai-forestas","status":"publish","type":"post","link":"https:\/\/organizzazione.cai.it\/gr-sardegna\/2025\/07\/da-sardegna-sentieri-alessio-saba-ci-informa-ottima-collaborazione-cai-forestas\/","title":{"rendered":"DA SARDEGNA SENTIERI ALESSIO SABA CI INFORMA. OTTIMA COLLABORAZIONE CAI FORESTAS"},"content":{"rendered":"\n<p>Certi paesi della Sardegna custodiscono tesori archeologici, paesaggistici e culturali: vere e proprie \ud835\ude65\ud835\ude5a\ud835\ude67\ud835\ude61\ud835\ude5a spesso celate tra i rami di rovi e perastri invadenti e impenetrabili.<\/p>\n\n\n\n<p>E quella bellezza resta nascosta e schermata, per decenni: le vie per raggiungere i &#8220;\ud835\udd5d\ud835\udd66\ud835\udd60\ud835\udd58\ud835\udd59\ud835\udd5a \ud835\udd55\ud835\udd56\ud835\udd5d\ud835\udd5d\ud835\udd52 \ud835\udd5e\ud835\udd56\ud835\udd5e\ud835\udd60\ud835\udd63\ud835\udd5a\ud835\udd52&#8221; sono spesso strade catastali, tratturi e mulattiere ove restano integri e immuni al passaggio del tempo antichi lastricati o camminamenti acciottolati che le sterpaglie hanno celato privandone della vista intere generazioni\u2026<br>\u2026e quei panorami, dove i profumi e i colori cambiano meravigliosamente in ogni stagione, sopravvivono \ud835\ude68\ud835\ude64\ud835\ude61\ud835\ude64 \ud835\ude63\ud835\ude5a\ud835\ude5e \ud835\ude67\ud835\ude5e\ud835\ude58\ud835\ude64\ud835\ude67\ud835\ude59\ud835\ude5e \ud835\ude5a \ud835\ude63\ud835\ude5a\ud835\ude5e \ud835\ude67\ud835\ude56\ud835\ude58\ud835\ude58\ud835\ude64\ud835\ude63\ud835\ude69\ud835\ude5e \ud835\ude59\ud835\ude5a\ud835\ude5c\ud835\ude61\ud835\ude5e \ud835\ude56\ud835\ude63\ud835\ude6f\ud835\ude5e\ud835\ude56\ud835\ude63\ud835\ude5e rischiando di scomparire per sempre inghiottiti dal tempo e dalla storia.<\/p>\n\n\n\n<p>La Rete sentieristica della Sardegna, con piccoli investimenti e la buona volont\u00e0 delle amministrazioni e delle comunit\u00e0 locali, permette di restituire al mondo queste bellezze.Cos\u00ec anche a DUALCHI, con il GAL Marghine e il CAI Nuoro Forestas sta inserendo nel catasto sentieri oltre 29 km di antichi percorsi restituiti alla luce e ai passi di chi vorr\u00e0 percorrerli\u2026<\/p>\n\n\n\n<p>\u2026nuraghi (tra tutti lo splendido monotorre del \ud835\udc27\ud835\udc2e\ud835\udc2b\ud835\udc1a\ud835\udc20\ud835\udc21\ud835\udc1e \ud835\udc0f\ud835\udc28\ud835\udc27\ud835\udc2d\ud835\udc1e), la chiesa campestre di S.Pietro, la vallata del \ud835\udc93\ud835\udc8a\ud835\udc90 \ud835\udc74\ud835\udc96\ud835\udc93\ud835\udc95\ud835\udc82\ud835\udc9b\ud835\udc9b\ud835\udc90\ud835\udc8d\ud835\udc96, l&#8217;altipiano di \ud835\ude4b\ud835\ude67\ud835\ude56\ud835\ude63\ud835\ude6a \ud835\ude59\ud835\ude5a \ud835\ude4a\ud835\ude6f\ud835\ude56\ud835\ude68\ud835\ude69\ud835\ude67\ud835\ude6a con vista sulla catena del Marghine\u2026<\/p>\n\n\n\n<p>Le schede descrittive in due lingue (IT\/EN) saranno presto nel sito web e nella app SardegnaSentieri<\/p>\n\n\n\n<p>Ieri intanto i tecnici di FoReSTAS e di Dualchi hanno completato le verifiche e dato il via alla posa della segnaletica verticale ed orizzontale secondo lo standard CAI:<\/p>\n\n\n\n<p>la Sardegna ha un cuore verde, che pu\u00f2 tornare a battere grazie ai #sentieri \ud83d\udc9a\ud83d\udc93<\/p>\n\n\n\n<figure class=\"wp-block-image size-large\"><img loading=\"lazy\" decoding=\"async\" width=\"703\" height=\"1080\" src=\"https:\/\/organizzazione.cai.it\/gr-sardegna\/wp-content\/uploads\/sites\/64\/2025\/07\/17e27b5d-cfd5-4c93-909c-4b9afcb52779-1-703x1080.webp\" alt=\"- CAI\" class=\"wp-image-2308\" title=\"\" srcset=\"https:\/\/organizzazione.cai.it\/gr-sardegna\/wp-content\/uploads\/sites\/64\/2025\/07\/17e27b5d-cfd5-4c93-909c-4b9afcb52779-1-703x1080.webp 703w, https:\/\/organizzazione.cai.it\/gr-sardegna\/wp-content\/uploads\/sites\/64\/2025\/07\/17e27b5d-cfd5-4c93-909c-4b9afcb52779-1-469x720.webp 469w, https:\/\/organizzazione.cai.it\/gr-sardegna\/wp-content\/uploads\/sites\/64\/2025\/07\/17e27b5d-cfd5-4c93-909c-4b9afcb52779-1-768x1179.webp 768w, https:\/\/organizzazione.cai.it\/gr-sardegna\/wp-content\/uploads\/sites\/64\/2025\/07\/17e27b5d-cfd5-4c93-909c-4b9afcb52779-1-1000x1536.webp 1000w, https:\/\/organizzazione.cai.it\/gr-sardegna\/wp-content\/uploads\/sites\/64\/2025\/07\/17e27b5d-cfd5-4c93-909c-4b9afcb52779-1.webp 1042w\" sizes=\"(max-width: 703px) 100vw, 703px\" \/><\/figure>\n","protected":false},"excerpt":{"rendered":"<p>Certi paesi della Sardegna custodiscono tesori archeologici, paesaggistici e culturali: vere e proprie \ud835\ude65\ud835\ude5a\ud835\ude67\ud835\ude61\ud835\ude5a spesso celate tra i rami di rovi e perastri invadenti e impenetrabili. E quella bellezza resta [&hellip;]<\/p>\n","protected":false},"author":119,"featured_media":36,"comment_status":"closed","ping_status":"closed","sticky":false,"template":"","format":"standard","meta":{"footnotes":""},"categories":[4],"tags":[],"_links":{"self":[{"href":"https:\/\/organizzazione.cai.it\/gr-sardegna\/wp-json\/wp\/v2\/posts\/2307"}],"collection":[{"href":"https:\/\/organizzazione.cai.it\/gr-sardegna\/wp-json\/wp\/v2\/posts"}],"about":[{"href":"https:\/\/organizzazione.cai.it\/gr-sardegna\/wp-json\/wp\/v2\/types\/post"}],"author":[{"embeddable":true,"href":"https:\/\/organizzazione.cai.it\/gr-sardegna\/wp-json\/wp\/v2\/users\/119"}],"replies":[{"embeddable":true,"href":"https:\/\/organizzazione.cai.it\/gr-sardegna\/wp-json\/wp\/v2\/comments?post=2307"}],"version-history":[{"count":1,"href":"https:\/\/organizzazione.cai.it\/gr-sardegna\/wp-json\/wp\/v2\/posts\/2307\/revisions"}],"predecessor-version":[{"id":2309,"href":"https:\/\/organizzazione.cai.it\/gr-sardegna\/wp-json\/wp\/v2\/posts\/2307\/revisions\/2309"}],"wp:featuredmedia":[{"embeddable":true,"href":"https:\/\/organizzazione.cai.it\/gr-sardegna\/wp-json\/wp\/v2\/media\/36"}],"wp:attachment":[{"href":"https:\/\/organizzazione.cai.it\/gr-sardegna\/wp-json\/wp\/v2\/media?parent=2307"}],"wp:term":[{"taxonomy":"category","embeddable":true,"href":"https:\/\/organizzazione.cai.it\/gr-sardegna\/wp-json\/wp\/v2\/categories?post=2307"},{"taxonomy":"post_tag","embeddable":true,"href":"https:\/\/organizzazione.cai.it\/gr-sardegna\/wp-json\/wp\/v2\/tags?post=2307"}],"curies":[{"name":"wp","href":"https:\/\/api.w.org\/{rel}","templated":true}]}}