{"id":2664,"date":"2025-09-12T15:01:57","date_gmt":"2025-09-12T15:01:57","guid":{"rendered":"https:\/\/organizzazione.cai.it\/gr-sardegna\/?p=2664"},"modified":"2025-09-12T15:01:59","modified_gmt":"2025-09-12T15:01:59","slug":"montagna-la-nuova-legge-approvata-dal-senato","status":"publish","type":"post","link":"https:\/\/organizzazione.cai.it\/gr-sardegna\/2025\/09\/montagna-la-nuova-legge-approvata-dal-senato\/","title":{"rendered":"MONTAGNA. LA NUOVA LEGGE APPROVATA DAL SENATO"},"content":{"rendered":"\n<p><\/p>\n\n\n\n<figure class=\"wp-block-image aligncenter size-large is-resized\"><img loading=\"lazy\" decoding=\"async\" width=\"811\" height=\"1080\" src=\"https:\/\/organizzazione.cai.it\/gr-sardegna\/wp-content\/uploads\/sites\/64\/2025\/09\/t-3-811x1080.webp\" alt=\"- CAI\" class=\"wp-image-2665\" style=\"aspect-ratio:1.0046189376443417;object-fit:cover;width:589px;height:auto\" title=\"\" srcset=\"https:\/\/organizzazione.cai.it\/gr-sardegna\/wp-content\/uploads\/sites\/64\/2025\/09\/t-3-811x1080.webp 811w, https:\/\/organizzazione.cai.it\/gr-sardegna\/wp-content\/uploads\/sites\/64\/2025\/09\/t-3-540x720.webp 540w, https:\/\/organizzazione.cai.it\/gr-sardegna\/wp-content\/uploads\/sites\/64\/2025\/09\/t-3-768x1023.webp 768w, https:\/\/organizzazione.cai.it\/gr-sardegna\/wp-content\/uploads\/sites\/64\/2025\/09\/t-3.webp 1125w\" sizes=\"(max-width: 811px) 100vw, 811px\" \/><\/figure>\n\n\n\n<h1 class=\"wp-block-heading\"><a href=\"https:\/\/www.loscarpone.cai.it\/dettaglio\/il-ddl-montagna-%C3%A8-legge-approvazione-definitiva-in-senato\/\" target=\"_blank\" rel=\"noopener\">l DDL Montagna<\/a> \u00e8 legge: approvazione definitiva in Senato<\/h1>\n\n\n\n<p><a href=\"https:\/\/www.loscarpone.cai.it\/autore\/gian-luca-gasca\/\" target=\"_blank\" rel=\"noopener\">di Gian Luca Gasca<\/a><\/p>\n\n\n\n<p>Il Senato ha approvato definitivamente il DDL Montagna, che stanzia 200 milioni l\u2019anno fino al 2027 per sanit\u00e0, istruzione, agricoltura e servizi nelle aree montane.<\/p>\n\n\n\n<figure class=\"wp-block-image aligncenter is-resized\"><img decoding=\"async\" src=\"https:\/\/www.loscarpone.cai.it\/Sites\/435\/Media\/2025\/09\/mountains-7305769_1920.jpg\" alt=\"- CAI\" style=\"width:452px;height:auto\" title=\"\"><figcaption class=\"wp-element-caption\">Panorama alpino \u00a9 Pixabay<\/figcaption><\/figure>\n\n\n\n<p>Dopo mesi di discussione parlamentare, il&nbsp;<em><strong>Disegno di legge per il riconoscimento e la promozione delle zone montane<\/strong><\/em>, noto come&nbsp;<strong>DDL Montagna<\/strong>, ha ricevuto il&nbsp;<strong>via libera definitivo dal Senato&nbsp;<\/strong>il 10 settembre 2025. Con questo voto, l\u2019Italia si dota di una nuova cornice legislativa per le aree montane, la prima organica da oltre trent\u2019anni: l\u2019ultima legge nazionale risaliva infatti al<strong>&nbsp;1994<\/strong>, mentre il primo intervento normativo in materia fu approvato addirittura nel 1952.<\/p>\n\n\n\n<p>Il provvedimento prevede lo stanziamento di circa&nbsp;<strong>200 milioni di euro all\u2019anno<\/strong>, per il triennio 2025-2027, da destinare a una serie di interventi nei territori montani. Le risorse, secondo il testo approvato, andranno a finanziare servizi essenziali come&nbsp;<strong>la sanit\u00e0 e l\u2019istruzione<\/strong>, con incentivi specifici per&nbsp;<strong>medici, operatori sanitari e insegnanti<\/strong>&nbsp;disposti a lavorare nei comuni montani. Ulteriori fondi saranno indirizzati ad&nbsp;<strong>agricoltura, mobilit\u00e0, infrastrutture digitali e turismo<\/strong>, con l\u2019obiettivo di&nbsp;<strong>migliorare la qualit\u00e0 della vita degli abitanti<\/strong>&nbsp;e<strong>&nbsp;rendere pi\u00f9 attrattivi territori che negli ultimi decenni hanno sofferto di spopolamento e marginalizzazione<\/strong>.<\/p>\n\n\n\n<p>Uno degli elementi centrali della legge \u00e8 la&nbsp;<strong>definizione normativa di \u201cmontagna\u201d<\/strong>, che stabilisce criteri precisi per individuare i comuni beneficiari delle misure. Una scelta che, nelle intenzioni del legislatore, dovrebbe&nbsp;<strong>evitare la dispersione di risorse in territori non effettivamente montani<\/strong>&nbsp;e garantire una distribuzione pi\u00f9 mirata dei fondi. La questione sar\u00e0 tuttavia oggetto dei decreti attuativi, che dovranno delineare nel dettaglio la perimetrazione dei territori interessati.<\/p>\n\n\n\n<p>La legge \u00e8 stata salutata come una svolta storica da chi, soprattutto nelle regioni alpine e appenniniche, invocava da anni un quadro normativo aggiornato e stabile. Secondo i sostenitori, rappresenta&nbsp;<strong>un passo decisivo per sostenere le comunit\u00e0 delle terre alte<\/strong>&nbsp;e<strong>&nbsp;invertire le tendenze allo spopolamento<\/strong>, offrendo servizi e opportunit\u00e0 a chi sceglie di rimanere.<\/p>\n\n\n\n<p>Non mancano per\u00f2 le voci critiche. Alcuni osservatori e amministratori locali, pur riconoscendo il valore politico e simbolico della legge, hanno sottolineato che i 200 milioni annui&nbsp;<strong>rischiano di non bastare<\/strong>&nbsp;di fronte alle molteplici sfide che le montagne italiane devono affrontare: dal declino demografico al dissesto idrogeologico, fino agli effetti del cambiamento climatico. Proprio&nbsp;<strong>l\u2019assenza di misure specifiche sull\u2019adattamento climatico<\/strong>&nbsp;\u00e8 stata evidenziata come una lacuna del provvedimento.<\/p>\n\n\n\n<p>Altri dubbi riguardano&nbsp;<strong>l\u2019attuazione pratica<\/strong>: molto dipender\u00e0 dalla capacit\u00e0 degli enti locali di utilizzare i fondi, dal coordinamento tra Stato, Regioni e Comuni e dall\u2019efficacia dei criteri di selezione dei beneficiari. Senza una macchina amministrativa rapida e snella, temono alcuni,<strong>&nbsp;il rischio \u00e8 che gli stanziamenti restino sulla carta o arrivino troppo tardi<\/strong>.<\/p>\n\n\n\n<p>Con la promulgazione, il DDL Montagna diventa dunque legge dello Stato. I prossimi mesi saranno importanti per la stesura dei decreti attuativi e per la definizione delle modalit\u00e0 operative. Solo allora si potr\u00e0 capire se questa riforma rappresenter\u00e0 davvero il punto di svolta auspicato o se rimarr\u00e0, come altre in passato, un\u2019occasione parzialmente mancata.<\/p>\n","protected":false},"excerpt":{"rendered":"<p>l DDL Montagna \u00e8 legge: approvazione definitiva in Senato di Gian Luca Gasca Il Senato ha approvato definitivamente il DDL Montagna, che stanzia 200 milioni l\u2019anno fino al 2027 per [&hellip;]<\/p>\n","protected":false},"author":119,"featured_media":36,"comment_status":"closed","ping_status":"closed","sticky":false,"template":"","format":"standard","meta":{"footnotes":""},"categories":[4],"tags":[],"_links":{"self":[{"href":"https:\/\/organizzazione.cai.it\/gr-sardegna\/wp-json\/wp\/v2\/posts\/2664"}],"collection":[{"href":"https:\/\/organizzazione.cai.it\/gr-sardegna\/wp-json\/wp\/v2\/posts"}],"about":[{"href":"https:\/\/organizzazione.cai.it\/gr-sardegna\/wp-json\/wp\/v2\/types\/post"}],"author":[{"embeddable":true,"href":"https:\/\/organizzazione.cai.it\/gr-sardegna\/wp-json\/wp\/v2\/users\/119"}],"replies":[{"embeddable":true,"href":"https:\/\/organizzazione.cai.it\/gr-sardegna\/wp-json\/wp\/v2\/comments?post=2664"}],"version-history":[{"count":1,"href":"https:\/\/organizzazione.cai.it\/gr-sardegna\/wp-json\/wp\/v2\/posts\/2664\/revisions"}],"predecessor-version":[{"id":2666,"href":"https:\/\/organizzazione.cai.it\/gr-sardegna\/wp-json\/wp\/v2\/posts\/2664\/revisions\/2666"}],"wp:featuredmedia":[{"embeddable":true,"href":"https:\/\/organizzazione.cai.it\/gr-sardegna\/wp-json\/wp\/v2\/media\/36"}],"wp:attachment":[{"href":"https:\/\/organizzazione.cai.it\/gr-sardegna\/wp-json\/wp\/v2\/media?parent=2664"}],"wp:term":[{"taxonomy":"category","embeddable":true,"href":"https:\/\/organizzazione.cai.it\/gr-sardegna\/wp-json\/wp\/v2\/categories?post=2664"},{"taxonomy":"post_tag","embeddable":true,"href":"https:\/\/organizzazione.cai.it\/gr-sardegna\/wp-json\/wp\/v2\/tags?post=2664"}],"curies":[{"name":"wp","href":"https:\/\/api.w.org\/{rel}","templated":true}]}}