{"id":438,"date":"2024-06-05T12:58:15","date_gmt":"2024-06-05T12:58:15","guid":{"rendered":"https:\/\/organizzazione.cai.it\/gr-sardegna\/2024\/06\/cai-scuola-ogliastra-sardegna\/"},"modified":"2024-06-05T12:58:15","modified_gmt":"2024-06-05T12:58:15","slug":"cai-scuola-ogliastra-sardegna","status":"publish","type":"post","link":"https:\/\/organizzazione.cai.it\/gr-sardegna\/2024\/06\/cai-scuola-ogliastra-sardegna\/","title":{"rendered":"Cai Scuola Ogliastra Sardegna"},"content":{"rendered":"<p>&nbsp;<\/p>\n<p>&nbsp;<\/p>\n<p>&nbsp;<\/p>\n<p><strong>Scuola e Cai Ogliastra Nuoro Sardegna insieme per una giornata dedicata all\u2019ambiente.<\/strong><\/p>\n<p>Bambini e bambine di Villagrande e Villanova si ritroveranno gioved\u00ec 6 giugno nel bosco tra Santa Barbara e Genn\u2019Antine per un programma di escursioni messo a punto dal club alpino dell\u2019Ogliastra in sinergia con l\u2019agenzia Forestas e con la struttura del Soccorso Alpino molto attivo nel centro Sardegna. Appuntamento per le 8.30 presso il bosco di Santa Barbara. Accoglienza da parte dei dirigenti Cai, Nicola Secchi, Tonino Ladu, Matteo Marteddu del direttivo regionale e numerosi soci provenienti dai diversi centri dell\u2019Ogliastra. Gli obiettivi della iniziativa sono contenuti negli indirizzi del Cai nazionale e condiviso nelle scuole, riferiti al vasto orizzonte europeo dell\u2019agenda 2030. Nel percorso educativo, sostengono scuola e Cai, componente essenziale \u00e8 la didattica della sostenibilit\u00e0 ambientale, le conoscenze e l\u2019uso consapevole del territorio in cui si vive. Sostenibilit\u00e0 ed ecocompatibilit\u00e0 stanno entrando nel linguaggio comune della didattica sin dalla scuola primaria rendendo protagoniste nel concreto le nuove generazioni. Scoprire camminando l\u2019ambiente per certi versi lasciato integro dai loro nonni. Percorreranno il sentiero di Genn\u2019Antine con le modalit\u00e0 Cai, abbigliamento adeguato, zaino, acqua, scorte di sostentamento per oltre due ore di escursione su sentiero che a giugno diventa impegnativo. L\u2019altitudine tra gli 800 e i 900 metri render\u00e0 pi\u00f9 agevole la camminata dei nuovi escursionisti. A loro si presenter\u00e0 la storia con antichi cuiles e sorgenti d\u2019acqua utilizzate dai pastori. Ad Alessia Zurru, divulgatrice scientifica il compito di coinvolgere bambini e bambine nella ricerca delle parti nascoste del bosco. In particolare, lo studio e la ricerca delle farfalle stimolando curiosit\u00e0 e passione scientifica. Lo sguardo dei piccoli escursionisti verr\u00e0 rapito dalle rappresentazioni delle attivit\u00e0 del soccorso alpino. Utilizzo delle attrezzature tecniche, materiale sanitario, piccoli trasporti in barella, prove di arrampicata di bambini su parete. \u201cPer il Club Alpino, sostengono i dirigenti Cai presenti, non \u00e8 una giornata una tantum. \u00c8\u2019 la continuit\u00e0 di un impegno costante che si sta concretizzando nel programma escursionistico annuale, dalle falesie di Baunei a Punta Lamarmora, dalle pareti di Ulassai ai tornati impervi del Sentiero Italia sino a Perdas. Il rapporto tra Cai e\u00a0 Agenzia Forestas\u00a0 produce risultati che rendono l\u2019Ogliastra un esempio in Sardegna\u201d.<\/p>\n<p>Matteo Marteddu<\/p>\n<p>Giugno 24<\/p>\n","protected":false},"excerpt":{"rendered":"<p>&nbsp; &nbsp; &nbsp; Scuola e Cai Ogliastra Nuoro Sardegna insieme per una giornata dedicata all\u2019ambiente. Bambini e bambine di Villagrande e Villanova si ritroveranno gioved\u00ec 6 giugno nel bosco tra [&hellip;]<\/p>\n","protected":false},"author":1,"featured_media":177,"comment_status":"closed","ping_status":"open","sticky":false,"template":"","format":"standard","meta":{"footnotes":""},"categories":[6],"tags":[7],"_links":{"self":[{"href":"https:\/\/organizzazione.cai.it\/gr-sardegna\/wp-json\/wp\/v2\/posts\/438"}],"collection":[{"href":"https:\/\/organizzazione.cai.it\/gr-sardegna\/wp-json\/wp\/v2\/posts"}],"about":[{"href":"https:\/\/organizzazione.cai.it\/gr-sardegna\/wp-json\/wp\/v2\/types\/post"}],"author":[{"embeddable":true,"href":"https:\/\/organizzazione.cai.it\/gr-sardegna\/wp-json\/wp\/v2\/users\/1"}],"replies":[{"embeddable":true,"href":"https:\/\/organizzazione.cai.it\/gr-sardegna\/wp-json\/wp\/v2\/comments?post=438"}],"version-history":[{"count":0,"href":"https:\/\/organizzazione.cai.it\/gr-sardegna\/wp-json\/wp\/v2\/posts\/438\/revisions"}],"wp:featuredmedia":[{"embeddable":true,"href":"https:\/\/organizzazione.cai.it\/gr-sardegna\/wp-json\/wp\/v2\/media\/177"}],"wp:attachment":[{"href":"https:\/\/organizzazione.cai.it\/gr-sardegna\/wp-json\/wp\/v2\/media?parent=438"}],"wp:term":[{"taxonomy":"category","embeddable":true,"href":"https:\/\/organizzazione.cai.it\/gr-sardegna\/wp-json\/wp\/v2\/categories?post=438"},{"taxonomy":"post_tag","embeddable":true,"href":"https:\/\/organizzazione.cai.it\/gr-sardegna\/wp-json\/wp\/v2\/tags?post=438"}],"curies":[{"name":"wp","href":"https:\/\/api.w.org\/{rel}","templated":true}]}}