{"id":470,"date":"2023-10-19T10:22:54","date_gmt":"2023-10-19T10:22:54","guid":{"rendered":"https:\/\/organizzazione.cai.it\/gr-sardegna\/2023\/10\/corso-ase-cai-sardegna-2023\/"},"modified":"2023-10-19T10:22:54","modified_gmt":"2023-10-19T10:22:54","slug":"corso-ase-cai-sardegna-2023","status":"publish","type":"post","link":"https:\/\/organizzazione.cai.it\/gr-sardegna\/2023\/10\/corso-ase-cai-sardegna-2023\/","title":{"rendered":"Corso Ase Cai Sardegna 2023"},"content":{"rendered":"<p><strong>\u00a0<\/strong><\/p>\n<p><strong>Corso Regionale per accompagnatori di escursionismo a Orotelli. Organizza il CAI.<\/strong><\/p>\n<p>Sar\u00e0 la sala dedicata al sindacalista Franco Pintus, centro storico di Orotelli, ad ospitare il corso regionale per Accompagnatore di Escursionismo del CAI. Promosso da Cai Sardegna e dagli organi tecnici regionali del Club Alpino, la prima giornata didattica \u00e8 prevista per sabato 21 ottobre. Al corso partecipano soci provenienti dalle quattro sezioni Cagliari, Oristano, Nuoro e Sassari. Il giorno successivo i corsisti si sposteranno nella valle di Lanaitho &#8211; Oliena per le esercitazioni e le prove pratiche. L\u2019accompagnatore di escursionismo \u00e8 figura base nelle attivit\u00e0 sul campo del Cai. Collabora attivamente nella organizzazione delle iniziative annuali, circa 250 in tutta la Sardegna ed \u00e8 chiamato a sostenere anche le diverse attivit\u00e0 didattiche. Il Corso di Orotelli sar\u00e0 aperto dai saluti del Sindaco Toni Bosu e verr\u00e0 introdotto dalla responsabile dell\u2019organo tecnico regionale Silvana Usai. Diversi i relatori e gli argomenti, con il presidente regionale Cai Matteo Marteddu che si soffermer\u00e0 sui principi etici e dei valori dell\u2019associazione fondata da Quintino Sella. Marteddu far\u00e0 il quadro delle attuali competenze del Cai in Sardegna, del rapporto con l\u2019Agenzia regionale Forestas nel lavoro di realizzazione e segnaletica Cai della Rete Escursionistica Sarda. Si sta infatti per aprire il nuovo triennio di risorse e progetti che interesseranno circa 1500 chilometri di nuovi sentieri nella parte centro occidentale dell\u2019Isola. Tanti i dirigenti Cai che tratteranno i temi impegnativi del corso. Pier Francesco Boy parler\u00e0 della struttura, organizzazione del Cai, della responsabilit\u00e0 e delle assicurazioni. Conoscenza e tutela dell\u2019ambiente montano il tema trattato da Luciana Carreras, Cultura della montagna da Gianni Loddo, comunicazione e sistemi informativi con Paolo Zucca e il geografo nuorese Matteo Cara. Verranno presentate prove di prevenzione e soccorso dai tecnici del gruppo che opera nel Soccorso Alpino. Le esercitazioni pratiche che concluderanno la due giorni saranno coordinate dai dirigenti Cai Silvana Usai, Lina Sanna, Giacomo Attardi e Aldo Marras. \u201cLa formazione, dice Matteo Marteddu, coordinata con i tecnici nazionali Cai, \u00e8 uno dei pilastri fondanti le attivit\u00e0 del Cai Regionale. La cornice di Orotelli e del centro-Sardegna, oltre ad essere terreno fertile di rocce e sentieri, respira ricchezza di storia come riferimento per l\u2019intera Isola. Anche per questo siamo qui\u201d.<\/p>\n<p>17 Ottobre 2023<\/p>\n<p>Matteo Marteddu<\/p>\n","protected":false},"excerpt":{"rendered":"<p>\u00a0 Corso Regionale per accompagnatori di escursionismo a Orotelli. Organizza il CAI. Sar\u00e0 la sala dedicata al sindacalista Franco Pintus, centro storico di Orotelli, ad ospitare il corso regionale per [&hellip;]<\/p>\n","protected":false},"author":1,"featured_media":236,"comment_status":"closed","ping_status":"open","sticky":false,"template":"","format":"standard","meta":{"footnotes":""},"categories":[6],"tags":[7],"_links":{"self":[{"href":"https:\/\/organizzazione.cai.it\/gr-sardegna\/wp-json\/wp\/v2\/posts\/470"}],"collection":[{"href":"https:\/\/organizzazione.cai.it\/gr-sardegna\/wp-json\/wp\/v2\/posts"}],"about":[{"href":"https:\/\/organizzazione.cai.it\/gr-sardegna\/wp-json\/wp\/v2\/types\/post"}],"author":[{"embeddable":true,"href":"https:\/\/organizzazione.cai.it\/gr-sardegna\/wp-json\/wp\/v2\/users\/1"}],"replies":[{"embeddable":true,"href":"https:\/\/organizzazione.cai.it\/gr-sardegna\/wp-json\/wp\/v2\/comments?post=470"}],"version-history":[{"count":0,"href":"https:\/\/organizzazione.cai.it\/gr-sardegna\/wp-json\/wp\/v2\/posts\/470\/revisions"}],"wp:featuredmedia":[{"embeddable":true,"href":"https:\/\/organizzazione.cai.it\/gr-sardegna\/wp-json\/wp\/v2\/media\/236"}],"wp:attachment":[{"href":"https:\/\/organizzazione.cai.it\/gr-sardegna\/wp-json\/wp\/v2\/media?parent=470"}],"wp:term":[{"taxonomy":"category","embeddable":true,"href":"https:\/\/organizzazione.cai.it\/gr-sardegna\/wp-json\/wp\/v2\/categories?post=470"},{"taxonomy":"post_tag","embeddable":true,"href":"https:\/\/organizzazione.cai.it\/gr-sardegna\/wp-json\/wp\/v2\/tags?post=470"}],"curies":[{"name":"wp","href":"https:\/\/api.w.org\/{rel}","templated":true}]}}