{"id":486,"date":"2023-06-14T07:00:59","date_gmt":"2023-06-14T07:00:59","guid":{"rendered":"https:\/\/organizzazione.cai.it\/gr-sardegna\/2023\/06\/giornata-nazionale-sicai-25-giugno-2023\/"},"modified":"2023-06-14T07:00:59","modified_gmt":"2023-06-14T07:00:59","slug":"giornata-nazionale-sicai-25-giugno-2023","status":"publish","type":"post","link":"https:\/\/organizzazione.cai.it\/gr-sardegna\/2023\/06\/giornata-nazionale-sicai-25-giugno-2023\/","title":{"rendered":"Giornata Nazionale Sicai 25 Giugno 2023"},"content":{"rendered":"<p>&nbsp;<\/p>\n<p>GIORNATA NAZIONALE SENTIERO ITALIA<\/p>\n<p><strong>25 GIUGNO 2023 CORR \u2019E BOI \u201cSULLE TRACCE DI QUINTINO SELLA\u201d<\/strong><\/p>\n<p>CAI SARDEGNA- AGENZIA REGIONALE FORESTAS- COMUNI FONNI-ORGOSOLO-VILLAGRANDE. SEZIONI CAI CAGLIARI, SASSARI, NUORO, ORISTANO.<\/p>\n<p>ESCURSIONE PER I SOCI CAI APERTA ALLA PARTECIPAZIONE LIBERA<\/p>\n<p><strong>NOTE TECNICHE:<\/strong><\/p>\n<p>Appuntamento ore 9.00 al passo di Corr \u2019e boi, vecchia strada per l\u2019Ogliastra. Brevi comunicazioni sul significato della giornata, avvio escursione verso la cima Mont\u2019Arbu. Parcheggio disponibile negli spiazzi e ai bordi della strada non particolarmente frequentata.<\/p>\n<p>Coordinamento: componenti CDR, ARD, Soci CAI -Nuoro.<\/p>\n<p>Durata 5 ore, pause pasto e foto comprese, 10 km circa, 200 m di dislivello complessivo, difficolt\u00e0 E, ottimo piano di calpestio, presente la segnaletica orizzontale. \u00a0Conclusione verso le 15.30. Spostamento, cinque minuti scarsi di auto, al centro servizi \u201cGremanu\u201d, con l\u2019accoglienza del comune di Fonni e la partecipazione dei comuni di Orgosolo e Villagrande. Gratitudine ai sindaci che hanno offerto la generosa adesione. Riflessioni condivise sui temi: ambiente, rete escursionistica, aree e comunit\u00e0 dell\u2019interno. ( 101\u00b0 Congresso nazionale CAI).<\/p>\n<p><strong>Motivazioni culturali: \u00a0\u00a0\u00a0\u00a0\u00a0\u00a0\u00a0\u00a0\u00a0\u00a0\u00a0\u00a0\u00a0\u00a0\u00a0\u00a0\u00a0\u00a0\u00a0\u00a0\u00a0\u00a0\u00a0\u00a0\u00a0\u00a0<\/strong><\/p>\n<p><strong>\u00a0GIORNATA NAZIONALE SENTIERO ITALIA CAI<\/strong><\/p>\n<p>\u201cIl tempo era splendido, la strada ottima, i cavalli buonissimi. Sella era radiante per quelle alture sinuose dalle quali si offrivano allo sguardo. Panorami sempre differenti, nuovi, pieni di carattere locale, tanto diverso dai paesaggi del continente\u2026.Questa parte centrale della Sardegna \u00e8 specialmente affetta alla pastorizia. E la pastorizia non \u00e8 certo l\u2019occupazione umana pi\u00f9 appropriata allo sviluppo dell\u2019istruzione e della moralit\u00e0\u2026\u2026.La nostra comitiva tir\u00f2 innanzi senza banditi, non per\u00f2 senza carabinieri, fino al giogo di Corr\u2019e boi\u2026l\u2019antica casa della Direzione della miniera gi\u00e0 in gran parte cadente\u2026I lavori di estrazione erano stati condotti da una societ\u00e0 di Marsiglia. Ed io ricordo melanconicamente le due collezioni, realmente inaspettate per la localit\u00e0, che mostrava ai rari ingegneri passanti, il direttore della miniera\u2026 Quella delle pipe e quella dei vini francesi.. dal Chambertin allo Champagne, ci parevano un sogno, una fantasmagoria su quella deserta pendice di Correboi\u201d. ( Eugenio Marchese- Quintino Sella in Sardegna).<\/p>\n<p>\u201cCorreboi miniera, produzione dal 1854-1864: quintali: 24411, Pb 65, Ag 30. Valore in lire: 287.151. Quintino Sella: Relazione alla Commissione Parlamentare d\u2019Inchiesta 1869).<\/p>\n<p><strong>\u00a0\u00a0\u00a0\u00a0\u00a0\u00a0\u00a0\u00a0\u00a0\u00a0\u00a0\u00a0\u00a0\u00a0\u00a0\u00a0\u00a0\u00a0\u00a0\u00a0 GIORNATA NAZIONALE SENTIERO ITALIA CAI<\/strong><\/p>\n<p><strong>\u00a0\u00a0\u00a0\u00a0\u00a0\u00a0\u00a0\u00a0\u00a0\u00a0\u00a0\u00a0\u00a0\u00a0\u00a0\u00a0\u00a0\u00a0\u00a0\u00a0\u00a0\u00a0\u00a0\u00a0\u00a0\u00a0\u00a0\u00a0\u00a0\u00a0\u00a0\u00a0\u00a0\u00a0\u00a0\u00a0\u00a0\u00a0\u00a0\u00a0 25 GIUGNO 2023<\/strong><\/p>\n<p>Cai Sardegna sceglie il tratto di Sentiero Italia per la Giornata nazionale del 25 Giugno. Sceglie Correboi, sulle tracce del fondatore del Club Alpino. Quintino Sella pass\u00f2 sotto i rocciai di Monte Bruttu nel 1869. Commissione d\u2019Inchiesta sulle condizioni \u201cEconomiche e Morali\u201d della Sardegna. Il suo aiutante giovane ingegnere Eugenio Marchese tenne un meticoloso diario. Parole come le pietre ferrose, di cisto, di glenda, galena, piombo argento, tipiche del luogo.\u00a0 Tratto di SICAI, Identico oggi il paesaggio come sotto lo sguardo di Eugenio Marchese. Cancelletto in legno, modesto ma efficace, con il pano di calpestio ben allestito dagli operatori Forestas e con le bandierine di continuit\u00e0 che danno certezze. Il maestrale impetuoso qui scuote lecci, querce, sentimenti e pensieri. Da Monte Bruttu , Predas Longas, Nodu e Littipori, il sentiero aggrappa la montagna sempre pi\u00f9 spoglia, esposta ai freddi della primavera \u00a0incerta. Sotto il valico di Janna \u2018e Monte, verso Monte Arbu. Si spalancano i panorami di Barbagia e Ogliastra. Il filo ci lega a Fonni. Il Sentiero Italia, arriva qui dal Supramonte Orgolese, continua la sua strada verso Separadorgiu, Genna Duio e il Gennargentu. Sella insegue Lamarmora, suo maestro. Noi davanti e in lontananza, quando sopravvivono \u00a0lingue di neve, vediamo le punte di Corra Cherbina, Punta e s\u2019Abile e la sentinella d\u2019Ogliastra che compare e scompare, Perda Liana. Mufloni in corsa sfrenata sulle pendici, torrenti alimentate dalla neve, maestose querce piegate dal loro tempo secolare, distesa di rosa e monte che tarda a sbocciare. E i segni del lavoro duro con le pietre dei cuiles di Sos de Didiana e Sos Ghidileddos. Un segmento che il 25 Giugno ci legher\u00e0 ai 7000 chilometri di Sentiero Italia, da Santa Teresa di Gallura a Trieste.<\/p>\n<p><strong>Il Centro Servizi<\/strong> \u00e8 adiacente ad uno dei siti nuragici pi\u00f9 suggestivi della Sardegna. Una giovane archeologa di Fonni ha la disponibilit\u00e0 di fare da guida per chi volesse immergersi nelle architetture della nostra preistoria a Gremanu:<\/p>\n<p><strong>\u201cGli architetti nuragici di Gremanu\u201d<\/strong><\/p>\n<p>Un complesso di fonti con l\u2019unico esempio conosciuto di acquedotto di et\u00e0 Nuragica. Pascoli estesi, rigogliosi boschi residui di roverella, acque limpide nelle valli. Paesaggio agropastorale che f\u00e0 da cornice allo straordinario complesso nuragico in localit\u00e0 Gremanu o Madau, in agro di Fonni. A monte le fonti e i pozzi per la raccolta delle acque, a valle una serie di templi con abitato. Vicino la vasta necropoli con le tombe di gigante. Il tutto vissuto tra il XV e il IX secolo AC. Ettari interessati sino al passo Caravai 1118 m. Di grande interesse il tempio circolare a forma di nuraghe riportato in luce tra le indagini del Sito. Un muro interno delimita l\u2019area del tempio. Suppongono gli archeologi che venissero praticate operazioni di fusione del piombo, con il focolare a temperature 327,4\u00b0 Celsius, per le offerte votive, le cui tracce sono ancora visibili. Per fissare spade e bronzi figurati, sparse \u00a0basi di pietra con fori che ancora conservano le piccole colate di piombo. Richiamo alle miniere, alla estrazione dei minerali e al passaggio, molti secoli dopo, di Quintino sella.<\/p>\n<p><strong>La Casa della Direzione<\/strong><\/p>\n<p>\u201cL\u2019antica casa della Direzione, gi\u00e0 in gran parte cadente, da poco tempo aveva eziandio sub\u00ecto la sorte di un incendio. In un angolo screpolato del fabbricato, quei due o tre romiti minatori avevano ricavato un paio di camere nelle quali vivevano rifugiati tra il fumo e il freddo. E questa era tutta la risorsa che ci si presentasse per dormire in quella notte, il Sella, il sotto-prefetto, gli amici, i carabinieri la guida e il mirmidone\u201d. Non lontano dal nostro sentiero Italia Cai. Proponiamo oggi all\u2019Agenzia Forestas e ai sindaci la bretella di collegamento tra quella storia scolpita ancora sui muri cadenti e il Sentiero. 25 Giugno 2023, per lasciare la nostra impronta.<\/p>\n<p>Grazie<\/p>\n<p>Matteo Marteddu, CDR, ARD, Soci Cai.<\/p>\n<p>&nbsp;<\/p>\n<p>&nbsp;<\/p>\n","protected":false},"excerpt":{"rendered":"<p>&nbsp; GIORNATA NAZIONALE SENTIERO ITALIA 25 GIUGNO 2023 CORR \u2019E BOI \u201cSULLE TRACCE DI QUINTINO SELLA\u201d CAI SARDEGNA- AGENZIA REGIONALE FORESTAS- COMUNI FONNI-ORGOSOLO-VILLAGRANDE. SEZIONI CAI CAGLIARI, SASSARI, NUORO, ORISTANO. ESCURSIONE [&hellip;]<\/p>\n","protected":false},"author":1,"featured_media":487,"comment_status":"closed","ping_status":"open","sticky":false,"template":"","format":"standard","meta":{"footnotes":""},"categories":[6],"tags":[7],"_links":{"self":[{"href":"https:\/\/organizzazione.cai.it\/gr-sardegna\/wp-json\/wp\/v2\/posts\/486"}],"collection":[{"href":"https:\/\/organizzazione.cai.it\/gr-sardegna\/wp-json\/wp\/v2\/posts"}],"about":[{"href":"https:\/\/organizzazione.cai.it\/gr-sardegna\/wp-json\/wp\/v2\/types\/post"}],"author":[{"embeddable":true,"href":"https:\/\/organizzazione.cai.it\/gr-sardegna\/wp-json\/wp\/v2\/users\/1"}],"replies":[{"embeddable":true,"href":"https:\/\/organizzazione.cai.it\/gr-sardegna\/wp-json\/wp\/v2\/comments?post=486"}],"version-history":[{"count":0,"href":"https:\/\/organizzazione.cai.it\/gr-sardegna\/wp-json\/wp\/v2\/posts\/486\/revisions"}],"wp:featuredmedia":[{"embeddable":true,"href":"https:\/\/organizzazione.cai.it\/gr-sardegna\/wp-json\/wp\/v2\/media\/487"}],"wp:attachment":[{"href":"https:\/\/organizzazione.cai.it\/gr-sardegna\/wp-json\/wp\/v2\/media?parent=486"}],"wp:term":[{"taxonomy":"category","embeddable":true,"href":"https:\/\/organizzazione.cai.it\/gr-sardegna\/wp-json\/wp\/v2\/categories?post=486"},{"taxonomy":"post_tag","embeddable":true,"href":"https:\/\/organizzazione.cai.it\/gr-sardegna\/wp-json\/wp\/v2\/tags?post=486"}],"curies":[{"name":"wp","href":"https:\/\/api.w.org\/{rel}","templated":true}]}}