{"id":513,"date":"2022-10-05T14:39:57","date_gmt":"2022-10-05T14:39:57","guid":{"rendered":"https:\/\/organizzazione.cai.it\/gr-sardegna\/2022\/10\/aritzo-capanna-sociale-2\/"},"modified":"2022-10-05T14:39:57","modified_gmt":"2022-10-05T14:39:57","slug":"aritzo-capanna-sociale-2","status":"publish","type":"post","link":"https:\/\/organizzazione.cai.it\/gr-sardegna\/2022\/10\/aritzo-capanna-sociale-2\/","title":{"rendered":"Aritzo Capanna Sociale"},"content":{"rendered":"<p>&nbsp;<\/p>\n<p>&nbsp;<\/p>\n<p>Nota Stampa<\/p>\n<p>Aritzo: Inaugurazione della capanna sociale CAI<\/p>\n<p>Sono passati 120 anni da quando un gruppo di intellettuali sardi aveva preso l\u2019iniziativa di costruire un rifugio sul Gennargentu, sotto Punta Paolino, in omaggio ad Alberto Lamarmora. Il generale piemontese aveva esplorato quei luoghi in lungo e in largo prendendo letteralmente \u201cle misure\u201d delle vette pi\u00f9 alte di Sardegna e indagando sugli usi e costumi nei villaggi di montagna. Il rifugio, costruito con il contributo finanziario di tutti i comuni, anche delle coste, della Sardegna, croll\u00f2 dopo breve tempo, vittima delle intemperie, divenendo cos\u00ec come lo vediamo oggi, un rudere, cumulo informe di pietre, su cui \u00e8 impressa parte di storia dell\u2019interno dell\u2019Isola. Ci ha pensato Il CAI con la sezione di Cagliari a ricostruire e riorganizzare un altro rifugio di montagna, come Capanna Sociale, preso in locazione dal comune di Aritzo, nell\u2019area del Gennargentu, ai piedi del tacco di Texile, in localit\u00e0 della medesima Oasi. Dopo anni di lavoro, autorizzati dal Comune, dei volontari Cai, per le necessarie manutenzioni e dotazioni, \u00e8 pronta l\u2019inaugurazione per l\u20198 e il 9 ottobre prossimi. Sar\u00e0 presente il Presidente generale del Cai Antonio Montani. Non sar\u00e0 inaugurazione solo formale. Per l\u2019occasione il Cai Cagliari ha promosso un convegno su \u201cTutela e valorizzazione degli ambienti naturali, frequentazione e valorizzazione dell\u2019ambiente montano\u201d. Dopo l\u2019intervento del sindaco di Aritzo, le introduzioni del presidente di Cai Cagliari Patrizio Floris e del presidente di Cai Sardegna Matteo Marteddu si soffermeranno sullo sviluppo della Rete Escursionistica Sarda con la stretta collaborazione tra il Cai e l\u2019agenzia regionale Forestas. Sono successivamente \u00a0previste relazioni di docenti dell\u2019Universit\u00e0 di Cagliari, prof. Alberto Marini, \u201ci Geositi e l\u2019evoluzione del paesaggio\u201d, dott. Mauro Fois su flora e vegetazione spontanea. Sar\u00e0 presente Forestas con Dionigi Secci per \u201cprogetti di conservazione faunistica e territorio\u201d. Interventi di dirigenti Cai con Pier Francesco Boy che parler\u00e0 della \u201cnascita dell\u2019escursionismo in Sardegna: dal rifugio Lamarmora alla capanna sociale Texile\u201d, Corrado Pibiri \u201cScuola di alpinismo ed arrampicata libera\u201d, Marco Marrosu, componente della Commissione Tutela Ambiente Montano di Cai Sardegna: \u201cLe attivit\u00e0 outdoor, tra opportunit\u00e0 e impatto sull\u2019ambiente\u201d. La giornata del nove sar\u00e0 dedicata alle escursioni sul tacco Texile, alla ciclo escursione, alla discesa alla forra Bacu Alase, alle lezioni di arrampicata. Tra i soci Cai provenienti da tutte le sezioni e sezioni gemmate dell\u2019Isola, verranno raccolte le firme per la proposta di legge di iniziativa popolare: \u201cTutela della flora autoctona della Sardegna\u201d.<\/p>\n<p>Matteo Marteddu<\/p>\n<p>Ottobre 2022<\/p>\n","protected":false},"excerpt":{"rendered":"<p>&nbsp; &nbsp; Nota Stampa Aritzo: Inaugurazione della capanna sociale CAI Sono passati 120 anni da quando un gruppo di intellettuali sardi aveva preso l\u2019iniziativa di costruire un rifugio sul Gennargentu, [&hellip;]<\/p>\n","protected":false},"author":1,"featured_media":512,"comment_status":"closed","ping_status":"open","sticky":false,"template":"","format":"standard","meta":{"footnotes":""},"categories":[6],"tags":[7],"_links":{"self":[{"href":"https:\/\/organizzazione.cai.it\/gr-sardegna\/wp-json\/wp\/v2\/posts\/513"}],"collection":[{"href":"https:\/\/organizzazione.cai.it\/gr-sardegna\/wp-json\/wp\/v2\/posts"}],"about":[{"href":"https:\/\/organizzazione.cai.it\/gr-sardegna\/wp-json\/wp\/v2\/types\/post"}],"author":[{"embeddable":true,"href":"https:\/\/organizzazione.cai.it\/gr-sardegna\/wp-json\/wp\/v2\/users\/1"}],"replies":[{"embeddable":true,"href":"https:\/\/organizzazione.cai.it\/gr-sardegna\/wp-json\/wp\/v2\/comments?post=513"}],"version-history":[{"count":0,"href":"https:\/\/organizzazione.cai.it\/gr-sardegna\/wp-json\/wp\/v2\/posts\/513\/revisions"}],"wp:featuredmedia":[{"embeddable":true,"href":"https:\/\/organizzazione.cai.it\/gr-sardegna\/wp-json\/wp\/v2\/media\/512"}],"wp:attachment":[{"href":"https:\/\/organizzazione.cai.it\/gr-sardegna\/wp-json\/wp\/v2\/media?parent=513"}],"wp:term":[{"taxonomy":"category","embeddable":true,"href":"https:\/\/organizzazione.cai.it\/gr-sardegna\/wp-json\/wp\/v2\/categories?post=513"},{"taxonomy":"post_tag","embeddable":true,"href":"https:\/\/organizzazione.cai.it\/gr-sardegna\/wp-json\/wp\/v2\/tags?post=513"}],"curies":[{"name":"wp","href":"https:\/\/api.w.org\/{rel}","templated":true}]}}