{"id":516,"date":"2022-08-10T17:43:17","date_gmt":"2022-08-10T17:43:17","guid":{"rendered":"https:\/\/organizzazione.cai.it\/gr-sardegna\/2022\/08\/escursione-in-notturna-ago-22\/"},"modified":"2022-08-10T17:43:17","modified_gmt":"2022-08-10T17:43:17","slug":"escursione-in-notturna-ago-22","status":"publish","type":"post","link":"https:\/\/organizzazione.cai.it\/gr-sardegna\/2022\/08\/escursione-in-notturna-ago-22\/","title":{"rendered":"Escursione In Notturna Ago 22"},"content":{"rendered":"<p>Da Galtell\u00ec escursione in notturna ai piedi della croce del Tuttavista.<\/p>\n<p>Comune, proloco e CAI in prima fila.<\/p>\n<p>Protagonisti il Cristo Bronzeo e la luna piena di met\u00e0 agosto. La cima del Monte Tuttavista di Galtelli si anima la notte di venerdi 12. E\u2019 l\u2019escursione in notturna promossa dalla Proloco guidata da Salvatore Marras, con l\u2019amministrazione comunale del paese in testa il sindaco Giovanni Santo Porcu e con la collaborazione del CAI Nuoro e Cai Sardegna guidati da Tonino Ladu e Matteo Marteddu. Saranno i soci Cai locali, Peppe Chessa, Paolo Masala, Giuseppe Rodriguez, a guidare i cento cittadini di ogni et\u00e0 sui tornanti verso la Statua forgiata dall\u2019artista spagnolo Pedro Angel Terron. Il Cristo \u00e8 la m\u00e8ta della manifestazione notturna. Il paesaggio, sotto lo sguardo della luna, f\u00e0 il resto. Partenza non appena cala il sole dietro il Montalbo, per un percorso ad anello tra Chchinu Padente e Punta Millone. Gli escursionisti della notte saranno guidati anche dalla segnaletica Cai- Forestas che gli operatori dell\u2019Agenzia regionale e i volontari del CAI hanno recentemente rinnovato. Ai piedi del cristo transita infatti il Sentiero Italia che taglia il Monte, proveniente dalla Lontana Gallura, attraverso tornanti scoscesi, dopo il valico della muraglia megalitica toccher\u00e0 la marina di Orosei per riprendere la sua corsa verso i supramonti di Dorgali, Oliena, Orgosolo, il Gennargentu e il Campidano di Castiadas. Galtell\u00ec, come sostiene il Sindaco Porcu, ha l\u2019orgoglio di essere uno dei Borghi certificati del Sentiero Italia Cai. Sintesi, dice il presidente della Proloco Marras,\u00a0 di antica e radicata religiosit\u00e0 popolare, rispetto e valorizzazione delle tradizioni e sguardo verso obiettivi futuri legati alla montagna e alle tracce ancora evidenti che il lavoro di contadini e pastori hanno impresso sulle pietre di Calcare. Il cammino di venerdi 12 Agosto, durante le ore notturne, si snoder\u00e0 attraverso alcuni chilometri che impegneranno i partecipanti armati di zaino e scarponi. Sotto la croce, Sindaco, Proloco e Cai tireranno le somme della manifestazione che ormai si colloca tra gli appuntamenti annuali del piccolo borgo della Baronia.<\/p>\n<p>Matteo Marteddu<\/p>\n<p>Agosto 22<\/p>\n","protected":false},"excerpt":{"rendered":"<p>Da Galtell\u00ec escursione in notturna ai piedi della croce del Tuttavista. Comune, proloco e CAI in prima fila. Protagonisti il Cristo Bronzeo e la luna piena di met\u00e0 agosto. La [&hellip;]<\/p>\n","protected":false},"author":1,"featured_media":517,"comment_status":"closed","ping_status":"open","sticky":false,"template":"","format":"standard","meta":{"footnotes":""},"categories":[6],"tags":[7],"_links":{"self":[{"href":"https:\/\/organizzazione.cai.it\/gr-sardegna\/wp-json\/wp\/v2\/posts\/516"}],"collection":[{"href":"https:\/\/organizzazione.cai.it\/gr-sardegna\/wp-json\/wp\/v2\/posts"}],"about":[{"href":"https:\/\/organizzazione.cai.it\/gr-sardegna\/wp-json\/wp\/v2\/types\/post"}],"author":[{"embeddable":true,"href":"https:\/\/organizzazione.cai.it\/gr-sardegna\/wp-json\/wp\/v2\/users\/1"}],"replies":[{"embeddable":true,"href":"https:\/\/organizzazione.cai.it\/gr-sardegna\/wp-json\/wp\/v2\/comments?post=516"}],"version-history":[{"count":0,"href":"https:\/\/organizzazione.cai.it\/gr-sardegna\/wp-json\/wp\/v2\/posts\/516\/revisions"}],"wp:featuredmedia":[{"embeddable":true,"href":"https:\/\/organizzazione.cai.it\/gr-sardegna\/wp-json\/wp\/v2\/media\/517"}],"wp:attachment":[{"href":"https:\/\/organizzazione.cai.it\/gr-sardegna\/wp-json\/wp\/v2\/media?parent=516"}],"wp:term":[{"taxonomy":"category","embeddable":true,"href":"https:\/\/organizzazione.cai.it\/gr-sardegna\/wp-json\/wp\/v2\/categories?post=516"},{"taxonomy":"post_tag","embeddable":true,"href":"https:\/\/organizzazione.cai.it\/gr-sardegna\/wp-json\/wp\/v2\/tags?post=516"}],"curies":[{"name":"wp","href":"https:\/\/api.w.org\/{rel}","templated":true}]}}