{"id":537,"date":"2022-03-14T16:00:03","date_gmt":"2022-03-14T16:00:03","guid":{"rendered":"https:\/\/organizzazione.cai.it\/gr-sardegna\/2022\/03\/sui-sentieri-di-cenere-2-aprile-22\/"},"modified":"2022-03-14T16:00:03","modified_gmt":"2022-03-14T16:00:03","slug":"sui-sentieri-di-cenere-2-aprile-22","status":"publish","type":"post","link":"https:\/\/organizzazione.cai.it\/gr-sardegna\/2022\/03\/sui-sentieri-di-cenere-2-aprile-22\/","title":{"rendered":"Sui Sentieri Di Cenere 2. Aprile 22"},"content":{"rendered":"<p><strong><u>Intersezionale\u00a0 CAI 02.04.2021<\/u><\/strong><\/p>\n<p>&nbsp;<\/p>\n<p>La struttura del\u00a0 Montiferru, \u00e8 quella di un complesso vulcanico con distinti eventi eruttivi e, con una stratigrafia articolata di notevole interesse scientifico.<\/p>\n<p>&nbsp;<\/p>\n<p>Per la sua altitudine il Montiferru , unitamente ai monti del Marghine e del\u00a0 Goceano,\u00a0 rappresenta un ostacolo alle masse d&#8217;aria umida provenienti dal mare. Queste scaricano grandi quantit\u00e0 d&#8217;acqua tanto che \u00e8 una delle zone pi\u00f9 piovose della Sardegna.\u00a0 Il Montiferru infatti rappresenta un grande serbatoio d&#8217;acqua e vanta numerose sorgenti.\u00a0 Fino ad ora il 2022 si \u00e8 rivelato molto siccitoso, tanto che molte fonti sono completamente secche.<\/p>\n<p>&nbsp;<\/p>\n<p>Il 24, 25 e 26\u00a0 Luglio 2021 il Montiferru \u00e8 stato purtroppo devastato da un terribile incendio che ha bruciato una superficie\u00a0 di circa 9.567 ettari. In questo trekking attraverseremo alcune delle zone devastate dall&#8217;incendio.<\/p>\n<p>&nbsp;<\/p>\n<p>Percorso versante Lussurgese.<\/p>\n<p>In questo percorso non vedremo pi\u00f9 la bellezza dei boschi ma distruzione allo stato puro con alcuni primi cenni di &#8230;RINASCITA!<\/p>\n<p>&nbsp;<\/p>\n<p><strong><u>ORARIO E LUOGO DI RITROVO :<\/u><\/strong><\/p>\n<p>Alle ore 8,30 a Santu Lussurgiu, localit\u00e0 Sos Molinos , all&#8217;ingresso della strada vicinale per Bau &#8216;e mela, davanti alla presa d&#8217;acqua dipinta. Per chi lo desidera un gruppo saremo alle ore 8.00 piazza del distributore ingresso di Santulissurgiu.<\/p>\n<p>&nbsp;<\/p>\n<p><strong>LUNGHEZZA DEL PERCORSO<\/strong> Km.8,56<\/p>\n<p><strong>DISLIVELLI\u00a0 + 433\u00a0\u00a0 -424 <\/strong><\/p>\n<p><strong>QUOTA MAX<\/strong>\u00a0 1050 mt. Sopra Su Mullone<\/p>\n<p><strong>DIFFICOLTA&#8217;\u00a0 E<\/strong><\/p>\n<p><strong>DIRETTORI ESCURSIONE\u00a0 <\/strong>Francesca Fais\u00a0 e Alberto Ribotti<\/p>\n<p>&nbsp;<\/p>\n<p>&nbsp;<\/p>\n<p>(Foto )<\/p>\n<p>&nbsp;<\/p>\n<p>Dopo i saluti di rito ci trasferiremo con mezzi propri fino al punto d&#8217;inizio della nostra escursione, in Localit\u00e0 Bau &#8216;e mela. I proprietari del terreno ci hanno autorizzato a parcheggiare le auto all&#8217;interno.\u00a0 Alcune auto potranno essere parcheggiate nelle piazzole di sosta , lungo la strada vicinale.<\/p>\n<p>&nbsp;<\/p>\n<p>(foto)<\/p>\n<p>&nbsp;<\/p>\n<p>Percorreremo una carrareccia all&#8217;interno del terreno dei Signori Manca, lungo il tragitto vedremo alcuni Pinnettos e ci\u00f2 che resta della casetta di legno , completamente distrutta dall&#8217;incendio.<\/p>\n<p>&nbsp;<\/p>\n<p>Da qui ci dirigeremo verso Sa Rocca Traessa (Dicco), prima dell&#8217;incendio circondata da un bellissimo bosco, ora completamente distrutto. Questo dicco taglia trasversalmente la valle del Rio Bau &#8216;e Mela tra il domo del Banzigalelle e Punta Pala Manna..Continueremo a camminare dentro \u201cil bosco\u201dfino ad arrivare ad un punto panoramico,da cui vedremo il Banzigalelle, 895 mt. (Monte Commida sulla carta IGM ) e, poco pi\u00f9 gi\u00f9 S&#8217;Istrampu &#8216;e Sa Figu\u00a0 ( la cascata del Fico ), cascata attiva solamente nel periodo invernale, dopo le piogge.<\/p>\n<p>&nbsp;<\/p>\n<p>(foto)<\/p>\n<p>&nbsp;<\/p>\n<p>Proseguiremo sulla carrareccia che, lasceremo dopo pochi metri per proseguire sulla sinistra,\u00a0 avvicinandoci sempre di pi\u00f9 al Banzigalelle,\u00a0\u00a0 il cui nome significa altalena in Lussurgese e gli\u00a0 \u00e8 stato dato\u00a0 per via della sua forma, che ricorda appunto un&#8217;altalena.\u00a0 Quando arriveremo in prossimit\u00e0 di un dicco molto pi\u00f9 piccolo del precedente, attraverseremo un muretto a secco e cammineremo tra \u201c gli scheletri di eriche e corbezzoli\u201d fino ad un altro muretto a secco .<\/p>\n<p>Superato il muretto a secco procederemo su una salita\u00a0 in localit\u00e0 Palupianu , durante la quale\u00a0 vedremo la \u201c pietra delfino\u201d e \u2026.faremo lavorare i nostri quadricipiti!!!<\/p>\n<p>&nbsp;<\/p>\n<p>Arrivati a Pabarile continueremo su una\u00a0 strada sterrata. Quando arriveremo al cartello in legno con su scritto Elighes Uttiosos svolteremo a destra lasciandoci sulla nostra sinistra Sa Rocca &#8216;e Su Para (Monte Pertusu 986 mt.) e procederemo fino ad arrivare ad un&#8217; altra sterrata,\u00a0 in leggera salita,\u00a0 sulla destra. Questa ci porter\u00e0 al punto d&#8217;incontro col gruppo partito dal versante Cuglieri, in prossimit\u00e0 della ex voliera dei grifoni in localit\u00e0 Straderis alle h.12,00 circa.<\/p>\n<p>&nbsp;<\/p>\n<p>I due gruppi saliranno sulla cima pi\u00f9 elevata del Montiferru, ossia a Su Mullone 1050mt. ( Monte Urtigu sulla carta IGM ) dove \u00e8 presente il cumulo fatto dal Generale Alberto\u00a0 La Marmora e il punto trigonometrico e da cui si gode un bellissimo panorama.<\/p>\n<p>Lamarmora\u00a0 effettu\u00f2 delle misure notturne con una lampada acetilenica dirette dalla Torre di San Pancrazio e dall&#8217;Asinara. Su questa cima troveremo accumulo fonolitico (preda sonadora). Fonolite= suono + pietra.<\/p>\n<p>&nbsp;<\/p>\n<p>Torneremo poi sui nostri passi fino a Straderis dove faremo sosta per il pranzo.<\/p>\n<p>&nbsp;<\/p>\n<p>&nbsp;<\/p>\n<p>Dopo la pausa ci dirigeremo verso la fonte di Elighes Uttiosos( fonte dei Lecci Gocciolanti), lasciando sulla nostra destra Monte Entu 1024 mt. e Rocca Sa Tiria 970mt. Questa zona \u00e8 scampata miracolosamente all&#8217;incendio, come pure il canalone lungo il Rio Coladorzu , Bia Josso ecc.<\/p>\n<p>&nbsp;<\/p>\n<p>Dopo aver fatto una breve sosta per\u00a0 ristorarci con la freschissima acqua della fonte e riempire le nostre borracce,\u00a0 proseguiremo il nostro cammino a ritroso ( tutto in discesa ) fino alla localit\u00e0 Palupianu.\u00a0 Attraverseremo un muretto a secco e proseguiremo su una carrareccia che ci porter\u00e0 al punto di sosta delle nostre auto-<\/p>\n<p>Grazie<\/p>\n<p><strong><u>\u00a0<\/u><\/strong><\/p>\n<p>&nbsp;<\/p>\n<p>&nbsp;<\/p>\n<p>&nbsp;<\/p>\n","protected":false},"excerpt":{"rendered":"<p>Intersezionale\u00a0 CAI 02.04.2021 &nbsp; La struttura del\u00a0 Montiferru, \u00e8 quella di un complesso vulcanico con distinti eventi eruttivi e, con una stratigrafia articolata di notevole interesse scientifico. &nbsp; Per la [&hellip;]<\/p>\n","protected":false},"author":1,"featured_media":538,"comment_status":"closed","ping_status":"open","sticky":false,"template":"","format":"standard","meta":{"footnotes":""},"categories":[6],"tags":[7],"_links":{"self":[{"href":"https:\/\/organizzazione.cai.it\/gr-sardegna\/wp-json\/wp\/v2\/posts\/537"}],"collection":[{"href":"https:\/\/organizzazione.cai.it\/gr-sardegna\/wp-json\/wp\/v2\/posts"}],"about":[{"href":"https:\/\/organizzazione.cai.it\/gr-sardegna\/wp-json\/wp\/v2\/types\/post"}],"author":[{"embeddable":true,"href":"https:\/\/organizzazione.cai.it\/gr-sardegna\/wp-json\/wp\/v2\/users\/1"}],"replies":[{"embeddable":true,"href":"https:\/\/organizzazione.cai.it\/gr-sardegna\/wp-json\/wp\/v2\/comments?post=537"}],"version-history":[{"count":0,"href":"https:\/\/organizzazione.cai.it\/gr-sardegna\/wp-json\/wp\/v2\/posts\/537\/revisions"}],"wp:featuredmedia":[{"embeddable":true,"href":"https:\/\/organizzazione.cai.it\/gr-sardegna\/wp-json\/wp\/v2\/media\/538"}],"wp:attachment":[{"href":"https:\/\/organizzazione.cai.it\/gr-sardegna\/wp-json\/wp\/v2\/media?parent=537"}],"wp:term":[{"taxonomy":"category","embeddable":true,"href":"https:\/\/organizzazione.cai.it\/gr-sardegna\/wp-json\/wp\/v2\/categories?post=537"},{"taxonomy":"post_tag","embeddable":true,"href":"https:\/\/organizzazione.cai.it\/gr-sardegna\/wp-json\/wp\/v2\/tags?post=537"}],"curies":[{"name":"wp","href":"https:\/\/api.w.org\/{rel}","templated":true}]}}