{"id":5493,"date":"2026-01-27T14:39:43","date_gmt":"2026-01-27T14:39:43","guid":{"rendered":"https:\/\/organizzazione.cai.it\/gr-sardegna\/?p=5493"},"modified":"2026-01-27T14:39:43","modified_gmt":"2026-01-27T14:39:43","slug":"memorie-non-solo-per-il-passato-per-loggi","status":"publish","type":"post","link":"https:\/\/organizzazione.cai.it\/gr-sardegna\/2026\/01\/memorie-non-solo-per-il-passato-per-loggi\/","title":{"rendered":"MEMORIE NON SOLO PER IL PASSATO, PER L&#8217;OGGI"},"content":{"rendered":"\n<h1 class=\"wp-block-heading\">27 gennaio: per non dimenticare<\/h1>\n\n\n\n<p><a href=\"https:\/\/www.loscarpone.cai.it\/autore\/gian-luca-gasca\/\" target=\"_blank\" rel=\"noopener\">di Gian Luca Gasca<\/a><\/p>\n\n\n\n<p><a href=\"https:\/\/www.loscarpone.cai.it\/dettaglio\/27-gennaio-per-non-dimenticare\/\" target=\"_blank\" rel=\"noopener\">27 gennaio, Giornata della Memoria:<\/a> ricordare il passato per impegnarsi a promuovere inclusione e rispetto.<\/p>\n\n\n\n<figure class=\"wp-block-image\"><img decoding=\"async\" src=\"https:\/\/www.loscarpone.cai.it\/Sites\/435\/Media\/2025\/01\/81072.jpg\" alt=\"- CAI\" title=\"\"><figcaption class=\"wp-element-caption\">La consegna delle tessere alla memoria agli eredi dei soci epurati. 25\/01\/2023, Roma \u00a9 Lucio Virz\u00ec<\/figcaption><\/figure>\n\n\n\n<p>Era il&nbsp;<strong>dicembre del 1938<\/strong>. In un Paese piegato al regime fascista, le&nbsp;<strong>leggi razziali<\/strong>&nbsp;segnarono il destino di migliaia di cittadini italiani di origine ebraica. Anche il&nbsp;<strong>Club Alpino Italiano<\/strong>, per ordine del presidente generale Angelo Manaresi, adott\u00f2 una<strong>&nbsp;circolare \u201criservatissima\u201d<\/strong>&nbsp;che imponeva&nbsp;<strong>l\u2019esclusione di soci e dirigenti di origine ebraica<\/strong>.<\/p>\n\n\n\n<p>Fu un atto di fedelt\u00e0 al regime e un tradimento dello spirito universale delle montagne:&nbsp;<strong>Leone Sinigaglia<\/strong>, compositore e alpinista;&nbsp;<strong>Emilio Segr\u00e8<\/strong>, futuro premio Nobel per la fisica;&nbsp;<strong>Bruna Zevi<\/strong>&nbsp;e tanti altri furono espulsi da quella comunit\u00e0 che avevano contribuito a costruire. Le vette che avevano raggiunto, i sentieri che avevano tracciato, vennero cancellati, come se la loro presenza non fosse mai esistita.&nbsp;<\/p>\n\n\n\n<p>Per decenni, questa vergogna \u00e8 rimasta sepolta, dimenticata. Ma&nbsp;<strong>la memoria \u00e8 come un rifugio in alta quota<\/strong>: non si pu\u00f2 ignorare la strada per arrivarci. Nel 2022,&nbsp;<strong>l\u2019Assemblea Nazionale dei Delegati del CAI ha avviato un percorso di autocritica e responsabilit\u00e0<\/strong>, approvando una mozione per riconoscere le proprie colpe, fare luce su quella stagione buia e&nbsp;<strong>riammettere simbolicamente i soci espulsi<\/strong>. Un anno dopo, nel&nbsp;<strong>gennaio 2023<\/strong>, Roma \u00e8 stata teatro di un momento carico di emozione. Durante un incontro con&nbsp;<strong>l\u2019Unione delle Comunit\u00e0 Ebraiche Italiane e la Comunit\u00e0 Ebraica di Roma<\/strong>, le tessere associative del CAI sono state simbolicamente restituite ai discendenti degli espulsi. Tra i nomi, volti che avevano segnato la storia dell\u2019alpinismo e della cultura:&nbsp;<strong>Franco Modigliani, Leone Sinigaglia, Emilio Segr\u00e8, Carlo Franchetti, Alberto Moravia<\/strong>. Le montagne, in un gesto simbolico, riaccoglievano chi ne era stato allontanato ingiustamente.&nbsp;<\/p>\n\n\n\n<p>Allo stesso modo la&nbsp;<strong>Comunit\u00e0 Ebraica di Torino<\/strong>, nel marzo 2024, ha ricevuto dal CAI il diploma di socio benemerito, un riconoscimento non solo alle persone, ma al legame indissolubile tra le montagne piemontesi e chi, come Leone Sinigaglia, le aveva amate e raccontate.&nbsp;<\/p>\n\n\n\n<p>Le Alpi e gli Appennini non hanno mai fatto distinzioni tra chi vi camminava.<strong>&nbsp;Era l\u2019uomo, non la montagna, a dividere<\/strong>. Ed \u00e8 l\u2019uomo, oggi, a dover riannodare quei fili spezzati.&nbsp;<em>\u201cRiconoscere significa riprendere il giusto cammino\u201d<\/em>&nbsp;aveva detto a suo tempo&nbsp;<strong>Antonio Montani<\/strong>, presidente generale del CAI. Questo non \u00e8 solo un gesto verso chi non c\u2019\u00e8 pi\u00f9, ma un impegno verso chi verr\u00e0. Il CAI, nato per unire gli uomini nell\u2019amore per la montagna, si assume oggi la responsabilit\u00e0 di educare al rispetto, all\u2019inclusione, alla memoria.&nbsp;<\/p>\n\n\n\n<p>Ed \u00e8 proprio oggi, nella Giornata della Memoria, che vogliamo ricordare&nbsp;<strong>come anche i territori abbiano una coscienza, come il paesaggio possa essere luogo di giustizia o di esclusione<\/strong>. Riconoscere gli errori del passato significa restituire le montagne a tutti, perch\u00e9 esse non appartengono a un popolo o a una fede, ma a chiunque le voglia camminare con rispetto.<\/p>\n\n\n\n<figure class=\"wp-block-embed\"><div class=\"wp-block-embed__wrapper\">\nhttps:\/\/www.loscarpone.cai.it\/dettaglio\/27-gennaio-per-non-dimenticare\n<\/div><\/figure>\n","protected":false},"excerpt":{"rendered":"<p>27 gennaio: per non dimenticare di Gian Luca Gasca 27 gennaio, Giornata della Memoria: ricordare il passato per impegnarsi a promuovere inclusione e rispetto. Era il&nbsp;dicembre del 1938. In un [&hellip;]<\/p>\n","protected":false},"author":119,"featured_media":36,"comment_status":"closed","ping_status":"closed","sticky":false,"template":"","format":"standard","meta":{"footnotes":""},"categories":[4],"tags":[],"_links":{"self":[{"href":"https:\/\/organizzazione.cai.it\/gr-sardegna\/wp-json\/wp\/v2\/posts\/5493"}],"collection":[{"href":"https:\/\/organizzazione.cai.it\/gr-sardegna\/wp-json\/wp\/v2\/posts"}],"about":[{"href":"https:\/\/organizzazione.cai.it\/gr-sardegna\/wp-json\/wp\/v2\/types\/post"}],"author":[{"embeddable":true,"href":"https:\/\/organizzazione.cai.it\/gr-sardegna\/wp-json\/wp\/v2\/users\/119"}],"replies":[{"embeddable":true,"href":"https:\/\/organizzazione.cai.it\/gr-sardegna\/wp-json\/wp\/v2\/comments?post=5493"}],"version-history":[{"count":1,"href":"https:\/\/organizzazione.cai.it\/gr-sardegna\/wp-json\/wp\/v2\/posts\/5493\/revisions"}],"predecessor-version":[{"id":5495,"href":"https:\/\/organizzazione.cai.it\/gr-sardegna\/wp-json\/wp\/v2\/posts\/5493\/revisions\/5495"}],"wp:featuredmedia":[{"embeddable":true,"href":"https:\/\/organizzazione.cai.it\/gr-sardegna\/wp-json\/wp\/v2\/media\/36"}],"wp:attachment":[{"href":"https:\/\/organizzazione.cai.it\/gr-sardegna\/wp-json\/wp\/v2\/media?parent=5493"}],"wp:term":[{"taxonomy":"category","embeddable":true,"href":"https:\/\/organizzazione.cai.it\/gr-sardegna\/wp-json\/wp\/v2\/categories?post=5493"},{"taxonomy":"post_tag","embeddable":true,"href":"https:\/\/organizzazione.cai.it\/gr-sardegna\/wp-json\/wp\/v2\/tags?post=5493"}],"curies":[{"name":"wp","href":"https:\/\/api.w.org\/{rel}","templated":true}]}}