{"id":551,"date":"2022-01-04T05:03:26","date_gmt":"2022-01-04T05:03:26","guid":{"rendered":"https:\/\/organizzazione.cai.it\/gr-sardegna\/2022\/01\/nuoro-escursione-22gennaio-2022\/"},"modified":"2022-01-04T05:03:26","modified_gmt":"2022-01-04T05:03:26","slug":"nuoro-escursione-22gennaio-2022","status":"publish","type":"post","link":"https:\/\/organizzazione.cai.it\/gr-sardegna\/2022\/01\/nuoro-escursione-22gennaio-2022\/","title":{"rendered":"Nuoro Escursione 22gennaio 2022"},"content":{"rendered":"<p>&nbsp;<\/p>\n<p>&nbsp;<\/p>\n<p>&nbsp;<\/p>\n<p>&nbsp;<\/p>\n<p><strong>CAI NUORO \u00a0SEZIONE \u201cGiovannino Fenu\u201d<\/strong><\/p>\n<p>&nbsp;<\/p>\n<p>Esc. Sociale n.1<\/p>\n<p>Data 16 Gennaio 2022<\/p>\n<p>&nbsp;<\/p>\n<p>Luogo e titolo: \u201c<strong>Variet\u00e0 di paesaggi e storie : nuraghi, tanche e architetture di antica vita contadina e pastorale. Sentieri di Orotelli.\u201d<\/strong><\/p>\n<p>Durata circa 8 ore, pausa compresa.<\/p>\n<p>Dislivello complessivo 500 m<\/p>\n<p>Tipologia di Sentiero: Sterrato collinare. Tratti di sentiero fangoso.<\/p>\n<p>Difficolt\u00e0 E , lunghezza 19 km circa. Comporta fatica e conseguente adeguato allenamento. Abbigliamento caratterizzante l\u2019escursionismo CAI.<\/p>\n<p>&nbsp;<\/p>\n<p>Coordinatori logistici: Soci CAI Orotelli: N. Lunesu, S. Podda, L. Dettori, \u00a0M.Marteddu.<\/p>\n<ol>\n<li>Santus, A. Contu.<\/li>\n<\/ol>\n<p>Per ragioni di norme sulla sicurezza sanitaria comune, l\u2019escursione e\u2019 aperta ai soli soci CAI e occorre iscriversi entro le ore 18 di gioved\u00ec 13 Gennaio 2022, senza alcuna possibilit\u00e0 di deroga.<\/p>\n<p><strong>L\u2019 iscrizione si potr\u00e0 fare telefonando al n* 335 234512.\u00a0 Matteo Marteddu.<\/strong><\/p>\n<p>Prima dell\u2019avvio della escursione, un incaricato controller\u00e0, secondo le regole, il greenpass.<\/p>\n<p>Per chi volesse il 16 mattina raduno ore 7.15 piazza Veneto Nuoro. Oppure ore 7.45 Piazza Primo Maggio rione Mussinzua &#8211; Orotelli.<\/p>\n<p><strong>\u00a0<\/strong><\/p>\n<p><strong>Soci e socie<\/strong>, con la ripartenza l\u2019augurio pi\u00f9 affettuoso, anche come PR Cai Sardegna, per nuovi orizzonti del 2022. Gratitudine a tutte e tutti voi, al CDS, ad Anna Maria Piroddi che su di se\u2019 ha assunto l\u2019onere del coordinamento di CAI Nuoro. Periodo come sappiamo segnato da una fase straordinaria della nostra vita. Anche queste settimane e questi mesi ancora difficili. Spirito di autentica comunit\u00e0, rafforzata dalle regole che consapevolmente osserviamo. Quelle che conosciamo e che CAI centrale ci conferma e riassume: \u201ce\u2019 fatto divieto\u2026di.eventi o simili, assembramenti in spazi aperti. Obbligo dei dispositivi di protezione..per noi, obbligo del controllo del greenpass che verr\u00e0 effettuato da un coordinatore CAI. E\u2019 opportuno che sino alla chiusura del periodo di emergenza, 31 Marzo 22, venga cancellato l\u2019assembramento finale dell\u2019escursione, anche solo per un dolcetto o un bicchiere di vino comunitario. Per noi una rinuncia che ci pesa, ma dobbiamo tenere alto il grado di consapevolezza comune.<\/p>\n<p>&nbsp;<\/p>\n<p><strong>NOTE DESCRITTIVE<\/strong><\/p>\n<p>L\u2019escursione \u00e8 stata pensata all\u2019interno di un progetto che da anni i soci CAI realizzano e che \u00e8 diventato patrimonio della comunit\u00e0 Orotellese, reso concreto anche con risorse regionali. Punto di avvio dal bivio della ss 129. Subito leggera salita, su antica carrareccia verso la zona di Funtana Vritta. Sorgente racchiusa nelle fantasie\u00a0 popolari. Fresca,\u201dVritta\u201d . Tanto da essere oggetto degli ultimi desideri, come sollievo nei momenti finale della propria vita. Fantasie. Oggi greggi di pecore, pascolo brado ma controllato. Per noi sentiero di transito verso la collina degli \u201cDei\u201d. Calone, cartolina di Orotelli. Nuraghe monotorre, sottratto dall\u2019implosione e dal crollo proprio su petizione, accolta, di soci CAI. E\u2019 da qui, domina le piane e le valli, dal Bronzo medio, 1400\/1500 AC. Spazi e paesaggi, dalla valle media del Tirso, alle cime di Gonare e Santu Vasili di Ollolai, Marghine e sa Costera, castello giudicale di Burgos, Monte Pisanu e aidu entos e i villaggi con le loro storie, vive e mai dome. Da Calone ci inoltriamo nell altipiano che ci prepara alla Serra. Mulattiere e fango invernale. Verdi pascoli a Madaulas. Cavalli bizzarri, consapevoli della loro condizione di assoluta libert\u00e0. Un cancello ciondolante ci introduce alla \u201cSerra Suergiu\u201d. Uso civico, comunitario, di legnatico e di pascolo per i cittadini del paese. Da sempre e come valore non derogabile. Bosco intenso di sugherete, fonte di introito per il comune. Lo attraversiamo sino al punto nodale di Tres Lacanas. Incrocio di storie senza tempo, una sorta di Free zone, zona libera, striscia di confine tra Orotelli, Oniferi e Benetutti. Incontro di epopee tra Barbagia, Costera\/Goceano, Nuorese\/Sassarese, ma stessi linguaggi, stesse economie, stesse vicende di drammatici contrasti. Noi passiamo mentre regnano pace e silenzi, con scampanellii di greggi solitarie. Un cancello di accoglienza ci avvia all\u2019azienda Cottu. Esempio virtuoso di operativit\u00e0, con segni chiari di duro lavoro, di processi produttivi integrati in questa parte al confine tra Barbagia e Bono. Dal pascolo ben curato, al latte, al formaggio del caseificio come prodotto di nicchia che varca il Tirreno e crea ricchezza. Proseguiamo sino alla vecchia, cadente architettura rurale di Calariches. Quanto concentrato di storia in quelle perfette armonie di bianco granito estratto dalle cave vicine, nelle stalle per selezionare e modernizzare allevamenti, nelle tegole di copertura forgiate, come riporta il marchio impresso su ognuna di esse, dalla fabbrica toscana \u201cAntonini\u201d, nei granulati delle piastrelle della \u201cCasa padronale\u201d. Padronato e servitu\u2019, contadini e nobilt\u00e0 terriera, ceto di comando e serventi, tutto \u00e8 scritto pietra su pietra. Cadenti,ma ancora leggibili per chi vuole. Cos\u00ec come impressi sul cemento delle terrazze, i fasci di combattimento, che resistono al durbinoso balzar delle stagioni. Vedremo tutto prima di affrontare la risalita. E dirigerci, magari accelerando passi e pensieri, verso la piana di Aeddos. Aeddos, nuraghe polilobato, reggia incantata che sfida il tempo e le tempeste. Lo visiteremo e sulle comode tavolate faremo la pausa comunitaria. Per riprendere ad anello il sentiero del rientro, ritmando i tempi e le nostalgie. Ore 16 al parcheggio, carichi di nuove speranze per il CAI del 2022.<\/p>\n<p>Grazie<\/p>\n<p>Matteo Marteddu<\/p>\n<p>I coordinatori logistici della escursione.<\/p>\n<p>Gennaio 2022<\/p>\n<p>&nbsp;<\/p>\n<p>&nbsp;<\/p>\n<p>&nbsp;<\/p>\n","protected":false},"excerpt":{"rendered":"<p>&nbsp; &nbsp; &nbsp; &nbsp; CAI NUORO \u00a0SEZIONE \u201cGiovannino Fenu\u201d &nbsp; Esc. Sociale n.1 Data 16 Gennaio 2022 &nbsp; Luogo e titolo: \u201cVariet\u00e0 di paesaggi e storie : nuraghi, tanche e [&hellip;]<\/p>\n","protected":false},"author":1,"featured_media":536,"comment_status":"closed","ping_status":"open","sticky":false,"template":"","format":"standard","meta":{"footnotes":""},"categories":[6],"tags":[8],"_links":{"self":[{"href":"https:\/\/organizzazione.cai.it\/gr-sardegna\/wp-json\/wp\/v2\/posts\/551"}],"collection":[{"href":"https:\/\/organizzazione.cai.it\/gr-sardegna\/wp-json\/wp\/v2\/posts"}],"about":[{"href":"https:\/\/organizzazione.cai.it\/gr-sardegna\/wp-json\/wp\/v2\/types\/post"}],"author":[{"embeddable":true,"href":"https:\/\/organizzazione.cai.it\/gr-sardegna\/wp-json\/wp\/v2\/users\/1"}],"replies":[{"embeddable":true,"href":"https:\/\/organizzazione.cai.it\/gr-sardegna\/wp-json\/wp\/v2\/comments?post=551"}],"version-history":[{"count":0,"href":"https:\/\/organizzazione.cai.it\/gr-sardegna\/wp-json\/wp\/v2\/posts\/551\/revisions"}],"wp:featuredmedia":[{"embeddable":true,"href":"https:\/\/organizzazione.cai.it\/gr-sardegna\/wp-json\/wp\/v2\/media\/536"}],"wp:attachment":[{"href":"https:\/\/organizzazione.cai.it\/gr-sardegna\/wp-json\/wp\/v2\/media?parent=551"}],"wp:term":[{"taxonomy":"category","embeddable":true,"href":"https:\/\/organizzazione.cai.it\/gr-sardegna\/wp-json\/wp\/v2\/categories?post=551"},{"taxonomy":"post_tag","embeddable":true,"href":"https:\/\/organizzazione.cai.it\/gr-sardegna\/wp-json\/wp\/v2\/tags?post=551"}],"curies":[{"name":"wp","href":"https:\/\/api.w.org\/{rel}","templated":true}]}}