{"id":5554,"date":"2026-02-02T14:50:43","date_gmt":"2026-02-02T14:50:43","guid":{"rendered":"https:\/\/organizzazione.cai.it\/gr-sardegna\/?p=5554"},"modified":"2026-02-02T14:50:43","modified_gmt":"2026-02-02T14:50:43","slug":"cai-onu-pascoli-e-pastori-anno-2026","status":"publish","type":"post","link":"https:\/\/organizzazione.cai.it\/gr-sardegna\/2026\/02\/cai-onu-pascoli-e-pastori-anno-2026\/","title":{"rendered":"CAI-ONU. PASCOLI E PASTORI ANNO 2026"},"content":{"rendered":"<figure class=\"wp-block-post-featured-image\"><img loading=\"lazy\" decoding=\"async\" width=\"1440\" height=\"2560\" src=\"https:\/\/organizzazione.cai.it\/gr-sardegna\/wp-content\/uploads\/sites\/64\/2026\/02\/hnub4004-1-scaled-e1770019152513.webp\" class=\"attachment-post-thumbnail size-post-thumbnail wp-post-image\" alt=\"- CAI\" style=\"object-fit:cover;\" srcset=\"https:\/\/organizzazione.cai.it\/gr-sardegna\/wp-content\/uploads\/sites\/64\/2026\/02\/hnub4004-1-scaled-e1770019152513.webp 1440w, https:\/\/organizzazione.cai.it\/gr-sardegna\/wp-content\/uploads\/sites\/64\/2026\/02\/hnub4004-1-scaled-e1770019152513-405x720.webp 405w, https:\/\/organizzazione.cai.it\/gr-sardegna\/wp-content\/uploads\/sites\/64\/2026\/02\/hnub4004-1-scaled-e1770019152513-608x1080.webp 608w, https:\/\/organizzazione.cai.it\/gr-sardegna\/wp-content\/uploads\/sites\/64\/2026\/02\/hnub4004-1-scaled-e1770019152513-768x1365.webp 768w, https:\/\/organizzazione.cai.it\/gr-sardegna\/wp-content\/uploads\/sites\/64\/2026\/02\/hnub4004-1-scaled-e1770019152513-864x1536.webp 864w, https:\/\/organizzazione.cai.it\/gr-sardegna\/wp-content\/uploads\/sites\/64\/2026\/02\/hnub4004-1-scaled-e1770019152513-1152x2048.webp 1152w\" sizes=\"(max-width: 1440px) 100vw, 1440px\" title=\"\"><\/figure>\n\n\n<p><a href=\"https:\/\/www.loscarpone.cai.it\/mondo-cai\/dettaglio\/cai-nuoro-e-cai-sardegna-il-2026-anno-dei-pascoli-e-dei-pastori\/\" target=\"_blank\" rel=\"noopener\"><strong>CAI Nuoro<\/strong>, insieme a\u00a0<strong>CAI Sardegna<\/strong>,<\/a> ha deciso di calarsi pienamente nell\u2019atmosfera creata dalla decisione dell\u2019Assemblea generale delle Nazioni Unite che, nel 2022, ha proclamato il\u00a0<strong>2026 Anno internazionale dei pascoli e dei pastori<\/strong>. Una scelta che ha trovato immediata risposta all\u2019interno del direttivo sezionale guidato da Tonino Ladu, con il coinvolgimento dei past president e del componente del Comitato direttivo regionale Matteo Marteddu, raccogliendo anche la recente sollecitazione arrivata dalle pagine de\u00a0<em>Lo Scarpone<\/em>.<\/p>\n\n\n\n<p>Come \u00e8 stato sottolineato durante il confronto, la decisione dell\u2019ONU \u2013 ancora poco conosciuta al di fuori degli ambienti del&nbsp;<strong>CAI<\/strong>&nbsp;\u2013 riconosce ai pascoli bradi un&nbsp;<strong>valore planetario<\/strong>. Tutti gli Stati membri hanno infatti dato consenso a una proposta partita dalla Mongolia e sostenuta da oltre sessanta realt\u00e0 nazionali. Anche l\u2019Italia ha aderito, in linea con l\u2019Europa, ma \u00e8 in&nbsp;<strong>Sardegna<\/strong>&nbsp;che il&nbsp;<strong>CAI<\/strong>&nbsp;intende concentrare un\u2019azione concreta e duratura, capace di lasciare segni tangibili sul territorio.<\/p>\n\n\n\n<p>L\u2019Isola, soprattutto nella sua parte centrale, da costa a costa, \u00e8 da sempre caratterizzata da allevamenti e pastorizia brada. Dal Montiferru al Marghine, dal massiccio del Gennargentu alle Serre del Nuorese, fino ai Supramonti centrali e dell\u2019Ogliastra, resistono paesaggi e pratiche di allevamento ovino, bovino e suino con radici profonde, stratificate nei secoli. Un patrimonio culturale, sociale e ambientale che si inserisce pienamente nella visione ONU e FAO dell\u2019<strong>International Year of Rangelands and Pastoralists<\/strong>, pensato per valorizzare i pascoli bradi all\u2019interno dei sistemi ambientali globali.<\/p>\n\n\n\n<p>Secondo la definizione delle Nazioni Unite, i pascoli sono&nbsp;<strong>terreni non coltivati<\/strong>, destinati all\u2019allevamento libero e non adatti a coltivazioni intensive. Sono paesaggi complessi, vivi, che richiedono politiche di governance responsabile e investimenti mirati, capaci di coinvolgere donne e giovani e di garantire continuit\u00e0 alle comunit\u00e0 pastorali. Proprio su questi elementi&nbsp;<strong>CAI Nuoro<\/strong>&nbsp;e&nbsp;<strong>CAI Sardegna<\/strong>&nbsp;hanno gi\u00e0 avviato una programmazione condivisa, con l\u2019obiettivo di portare il tema all\u2019attenzione delle organizzazioni dei pastori, dei pastori stessi e dei soci&nbsp;<strong>CAI<\/strong>.<\/p>\n\n\n\n<p>Le prime azioni partiranno gi\u00e0 dalla settimana di luned\u00ec 20 gennaio, attraverso attivit\u00e0 di informazione e diffusione realizzate con strumenti adeguati. Il percorso punta a culminare in una giornata di coinvolgimento generale, con una&nbsp;<strong>escursione tematica<\/strong>&nbsp;lungo sentieri che attraversano i paesaggi dei pascoli bradi del centro Sardegna, compreso il&nbsp;<strong>Sentiero Italia CAI<\/strong>, gi\u00e0 oggi testimone di questi equilibri antichi.<\/p>\n\n\n\n<p><em>\u00abCogliamo l\u2019occasione di dare il giusto valore a una condizione che l\u2019ONU ha riconosciuto e che in Sardegna vede ancora protagonisti tanti uomini e donne, nel tessuto profondo dell\u2019economia, della societ\u00e0 e dei paesaggi\u00bb<\/em>, sottolinea Matteo Marteddu.&nbsp;<em>\u00abL\u2019obiettivo \u00e8 non lasciare nell\u2019oblio le storie del passato e soprattutto quelle dell\u2019oggi. Il CAI fa la sua parte\u00bb.<\/em><\/p>\n","protected":false},"excerpt":{"rendered":"<p>CAI Nuoro, insieme a\u00a0CAI Sardegna, ha deciso di calarsi pienamente nell\u2019atmosfera creata dalla decisione dell\u2019Assemblea generale delle Nazioni Unite che, nel 2022, ha proclamato il\u00a02026 Anno internazionale dei pascoli e [&hellip;]<\/p>\n","protected":false},"author":119,"featured_media":5548,"comment_status":"closed","ping_status":"closed","sticky":false,"template":"","format":"standard","meta":{"footnotes":""},"categories":[4],"tags":[],"_links":{"self":[{"href":"https:\/\/organizzazione.cai.it\/gr-sardegna\/wp-json\/wp\/v2\/posts\/5554"}],"collection":[{"href":"https:\/\/organizzazione.cai.it\/gr-sardegna\/wp-json\/wp\/v2\/posts"}],"about":[{"href":"https:\/\/organizzazione.cai.it\/gr-sardegna\/wp-json\/wp\/v2\/types\/post"}],"author":[{"embeddable":true,"href":"https:\/\/organizzazione.cai.it\/gr-sardegna\/wp-json\/wp\/v2\/users\/119"}],"replies":[{"embeddable":true,"href":"https:\/\/organizzazione.cai.it\/gr-sardegna\/wp-json\/wp\/v2\/comments?post=5554"}],"version-history":[{"count":1,"href":"https:\/\/organizzazione.cai.it\/gr-sardegna\/wp-json\/wp\/v2\/posts\/5554\/revisions"}],"predecessor-version":[{"id":5555,"href":"https:\/\/organizzazione.cai.it\/gr-sardegna\/wp-json\/wp\/v2\/posts\/5554\/revisions\/5555"}],"wp:featuredmedia":[{"embeddable":true,"href":"https:\/\/organizzazione.cai.it\/gr-sardegna\/wp-json\/wp\/v2\/media\/5548"}],"wp:attachment":[{"href":"https:\/\/organizzazione.cai.it\/gr-sardegna\/wp-json\/wp\/v2\/media?parent=5554"}],"wp:term":[{"taxonomy":"category","embeddable":true,"href":"https:\/\/organizzazione.cai.it\/gr-sardegna\/wp-json\/wp\/v2\/categories?post=5554"},{"taxonomy":"post_tag","embeddable":true,"href":"https:\/\/organizzazione.cai.it\/gr-sardegna\/wp-json\/wp\/v2\/tags?post=5554"}],"curies":[{"name":"wp","href":"https:\/\/api.w.org\/{rel}","templated":true}]}}