{"id":568,"date":"2021-10-03T09:39:30","date_gmt":"2021-10-03T09:39:30","guid":{"rendered":"https:\/\/organizzazione.cai.it\/gr-sardegna\/2021\/10\/cai-oristanooltre\/"},"modified":"2021-10-03T09:39:30","modified_gmt":"2021-10-03T09:39:30","slug":"cai-oristanooltre","status":"publish","type":"post","link":"https:\/\/organizzazione.cai.it\/gr-sardegna\/2021\/10\/cai-oristanooltre\/","title":{"rendered":"Cai Oristano::oltre"},"content":{"rendered":"<p align=\"JUSTIFY\"><span style=\"font-size: large\"><span lang=\"it-IT\">Sezione Gemmata CAI \u201cEleonora-Oristano\u201d. Nuovi orizzonti.<\/span><\/span><\/p>\n<p align=\"JUSTIFY\"><span style=\"font-size: large\"><span lang=\"it-IT\">Appuntamento con i soci CAI, ieri sabato 2 ottobre, nel cuore ferito del Montiferru. Salendo da Santulussurgiu, paese ricco di Storia e cultura, tornanti di infernale girone dantesco. Ancora respiro di morte e cenere ad aggredire le narici. Occorre venirci per capire come il colore nero ti prende occhi e cuore. L\u2019incendio del Montiferru non \u00e8 pagina di cronaca o tormentone video e social. Qui \u00e8 maledetta realt\u00e0. Quando procedi lento, tra Bau de Mela, Monte Armiddosu, Funtana e Sa Figu, sollevi lo sguardo a Linzanalauru, Monte Pertusu e Monte Urtugu. E nell\u2019orizzonte le antenne di Badde Urbara paiono ferraglie spente, sentinelle su crateri anneriti, piegate sui lecci senza vita, rivolte al mare dove cala il sole. Eppure i soci CAI qui si sono dati appuntamento da Oristano e da tanti centri sparsi nelle valli e attorno al grande lago dell\u2019ing. Omodeo. In questa cornice di bellezza resistente, dal nome simbolo di pianto e di rinascita: Elighes Uttiosos. Entusiasmo, perch\u00e9 CAI vuol dire anche ambiente, montagna, sentieri. Per tutti e tutte cito Alberto Ribotti, Gianni Loddo, Patrizia Carta, Andrea Passer\u00f2, Mimma Deiana, Giuseppe Santus, Marco Solinas e tanti e tante, ad ascoltare, proporre, guardare oltre. Alberto, presidente della Sezione Gemmata, richiama l\u2019impegno nelle commissioni costituende, Sentieri e cartografia, Cicloescursionismo, Cultura e Archeo trek, Canoe e Montagna terapia. Obiettivo diffondere le radici CAI dal Montiferru al Guilcer, al Monte Arci, alle Falesie tra Bosa e Alghero, alle piane del Tirso, ai contrafforti sugli altipiani del Mandrolisai. Impegno immediato per le proposte di escursioni nel programma 2022, da condividere con CAI Nuoro e Ogliastra. La storia del presente spinge CAI-Eleonora ad essere sempre pi\u00f9 strutturato. Lo impone lo sviluppo, nella parte centro occidentale della Sardegna, della RES ( Rete Sentieristica di Sardegna), la partecipazione agli sportelli territoriali, alla definizione della \u201cDorsale Occidentale\u201d, sulla quale gi\u00e0 Forestas si sta misurando, alla governance complessiva, nella quale tutto il CAI Sardegna \u00e8 impegnato. Si decide per la Commissione Speciale, guidata da Alberto, al fine di predisporre gli atti regolamentari per la Costituzione della Sezione CAI- Oristano. Le condizioni per procedere nei prossimi mesi, come da Presidente Regionale ho convintamente sottolineato, ci sono tutte. E sono quelle che ci pone in mano l\u2019art. 38 del regolamento generale CAI. E\u2019 il patto di \u201cElighes Uttiosos\u201d. In lontananza le luci della costa giocano col tramonto.. Segni di speranza. Tappa fondamentale per CAI Oristano. Grazie a tutte e tutti.<\/span><\/span><\/p>\n<p align=\"JUSTIFY\"><span style=\"font-size: large\"><span lang=\"it-IT\">Matteo Marteddu Ottobre 2021<\/span><\/span><\/p>\n","protected":false},"excerpt":{"rendered":"<p>Sezione Gemmata CAI \u201cEleonora-Oristano\u201d. Nuovi orizzonti. Appuntamento con i soci CAI, ieri sabato 2 ottobre, nel cuore ferito del Montiferru. Salendo da Santulussurgiu, paese ricco di Storia e cultura, tornanti [&hellip;]<\/p>\n","protected":false},"author":1,"featured_media":547,"comment_status":"closed","ping_status":"open","sticky":false,"template":"","format":"standard","meta":{"footnotes":""},"categories":[6],"tags":[8,9],"_links":{"self":[{"href":"https:\/\/organizzazione.cai.it\/gr-sardegna\/wp-json\/wp\/v2\/posts\/568"}],"collection":[{"href":"https:\/\/organizzazione.cai.it\/gr-sardegna\/wp-json\/wp\/v2\/posts"}],"about":[{"href":"https:\/\/organizzazione.cai.it\/gr-sardegna\/wp-json\/wp\/v2\/types\/post"}],"author":[{"embeddable":true,"href":"https:\/\/organizzazione.cai.it\/gr-sardegna\/wp-json\/wp\/v2\/users\/1"}],"replies":[{"embeddable":true,"href":"https:\/\/organizzazione.cai.it\/gr-sardegna\/wp-json\/wp\/v2\/comments?post=568"}],"version-history":[{"count":0,"href":"https:\/\/organizzazione.cai.it\/gr-sardegna\/wp-json\/wp\/v2\/posts\/568\/revisions"}],"wp:featuredmedia":[{"embeddable":true,"href":"https:\/\/organizzazione.cai.it\/gr-sardegna\/wp-json\/wp\/v2\/media\/547"}],"wp:attachment":[{"href":"https:\/\/organizzazione.cai.it\/gr-sardegna\/wp-json\/wp\/v2\/media?parent=568"}],"wp:term":[{"taxonomy":"category","embeddable":true,"href":"https:\/\/organizzazione.cai.it\/gr-sardegna\/wp-json\/wp\/v2\/categories?post=568"},{"taxonomy":"post_tag","embeddable":true,"href":"https:\/\/organizzazione.cai.it\/gr-sardegna\/wp-json\/wp\/v2\/tags?post=568"}],"curies":[{"name":"wp","href":"https:\/\/api.w.org\/{rel}","templated":true}]}}