{"id":588,"date":"2021-07-16T15:13:45","date_gmt":"2021-07-16T15:13:45","guid":{"rendered":"https:\/\/organizzazione.cai.it\/gr-sardegna\/2021\/07\/corso-regionale-ase-al-via\/"},"modified":"2021-07-16T15:13:45","modified_gmt":"2021-07-16T15:13:45","slug":"corso-regionale-ase-al-via","status":"publish","type":"post","link":"https:\/\/organizzazione.cai.it\/gr-sardegna\/2021\/07\/corso-regionale-ase-al-via\/","title":{"rendered":"Corso Regionale Ase &#8230;&#8230;al Via"},"content":{"rendered":"<p>&nbsp;<\/p>\n<p>Gentili Presidenti Sezioni e Sezioni Gemmate CAI della Sardegna.<\/p>\n<p>Responsabili CDR e negli organi di CAI Sardegna.<\/p>\n<p>Avv. Vincenzo Torti, Dott.ssa Andreina Maggiore.<\/p>\n<p>Marco Lavezzo, Alberto Perovani, Francesco Battisti.<\/p>\n<p>&nbsp;<\/p>\n<p>Con profonda soddisfazione diamo inizio alla fase preparatoria che avvia l\u2019espletamento dei corsi regionali ASE per il 2021\/22. Obiettivo raggiunto con l\u2019impegno di tanti in Sardegna, tenacemente voluto dal CDR e dagli organi tecnici che hanno trovato piena condivisione, oltre l\u2019OTTO regionale, la Commissione Centrale con Marco Lavezzo, la Scuola Centrale con Alberto Perovani e il referente Territoriale Francesco Battisti. Un ringraziamento allo Staff di direzione del Corso, Marino Bussu, Pierina Mameli e Peppino Columbu. Niente sarebbe possibile, soprattutto in una stagione non semplice, senza lo sforzo corale e generoso di tanti. Gratitudine sentita ai docenti che hanno offerto la loro disponibilit\u00e0 e la loro capacit\u00e0 e professionalit\u00e0. Tutto \u00e8 scritto con chiara e dettagliata trasparenza nei documenti che avete a disposizione. Va sottolineato in particolare che il bando, per poter partecipare, scade il 5 Settembre prossimo. Significa che le prossime settimane dovranno servire ad un\u2019opera capillare di sensibilizzazione dei soci e di coloro che manifestano evidente interesse per la crescita tecnica e culturale all\u2019interno del CAI Sardegna. Spetta a tutti noi dispiegare e diffondere iniziative adeguate affinch\u00e8 nessun socio possa restare escluso dalla conoscenza e dalla consapevolezza dell\u2019importanza del corso. Grazie del vostro contributo, cordialit\u00e0<\/p>\n<p>Matteo Marteddu<\/p>\n<p>Fabio Pau<\/p>\n<p>17.Luglio.2021<\/p>\n<p><a href=\"https:\/\/organizzazione.cai.it\/gr-sardegna\/wp-content\/uploads\/sites\/64\/2024\/11\/Bando-Corso-ASE-2021-Sardegna-1.pdf\" target=\"_blank\" rel=\"noopener\">Bando Corso ASE 2021 Sardegna<\/a><\/p>\n<p><a href=\"https:\/\/organizzazione.cai.it\/gr-sardegna\/wp-content\/uploads\/sites\/64\/2024\/11\/Curriculum-Vitae-1.docx\" download target=\"_blank\" rel=\"noopener\">Curriculum-Vitae<\/a><\/p>\n<p><a href=\"https:\/\/organizzazione.cai.it\/gr-sardegna\/wp-content\/uploads\/sites\/64\/2024\/11\/Programma-ASE-2021-Sardegna-1.pdf\" target=\"_blank\" rel=\"noopener\">Programma ASE 2021 Sardegna<\/a><\/p>\n<p><a href=\"https:\/\/organizzazione.cai.it\/gr-sardegna\/wp-content\/uploads\/sites\/64\/2024\/11\/Rilascio-nullaosta-2021-ASE-Sardegna-1.pdf\" target=\"_blank\" rel=\"noopener\">Rilascio nullaosta 2021 ASE Sardegna<\/a><\/p>\n","protected":false},"excerpt":{"rendered":"<p>&nbsp; Gentili Presidenti Sezioni e Sezioni Gemmate CAI della Sardegna. Responsabili CDR e negli organi di CAI Sardegna. Avv. Vincenzo Torti, Dott.ssa Andreina Maggiore. Marco Lavezzo, Alberto Perovani, Francesco Battisti. [&hellip;]<\/p>\n","protected":false},"author":1,"featured_media":134,"comment_status":"closed","ping_status":"open","sticky":false,"template":"","format":"standard","meta":{"footnotes":""},"categories":[6],"tags":[7],"_links":{"self":[{"href":"https:\/\/organizzazione.cai.it\/gr-sardegna\/wp-json\/wp\/v2\/posts\/588"}],"collection":[{"href":"https:\/\/organizzazione.cai.it\/gr-sardegna\/wp-json\/wp\/v2\/posts"}],"about":[{"href":"https:\/\/organizzazione.cai.it\/gr-sardegna\/wp-json\/wp\/v2\/types\/post"}],"author":[{"embeddable":true,"href":"https:\/\/organizzazione.cai.it\/gr-sardegna\/wp-json\/wp\/v2\/users\/1"}],"replies":[{"embeddable":true,"href":"https:\/\/organizzazione.cai.it\/gr-sardegna\/wp-json\/wp\/v2\/comments?post=588"}],"version-history":[{"count":0,"href":"https:\/\/organizzazione.cai.it\/gr-sardegna\/wp-json\/wp\/v2\/posts\/588\/revisions"}],"wp:featuredmedia":[{"embeddable":true,"href":"https:\/\/organizzazione.cai.it\/gr-sardegna\/wp-json\/wp\/v2\/media\/134"}],"wp:attachment":[{"href":"https:\/\/organizzazione.cai.it\/gr-sardegna\/wp-json\/wp\/v2\/media?parent=588"}],"wp:term":[{"taxonomy":"category","embeddable":true,"href":"https:\/\/organizzazione.cai.it\/gr-sardegna\/wp-json\/wp\/v2\/categories?post=588"},{"taxonomy":"post_tag","embeddable":true,"href":"https:\/\/organizzazione.cai.it\/gr-sardegna\/wp-json\/wp\/v2\/tags?post=588"}],"curies":[{"name":"wp","href":"https:\/\/api.w.org\/{rel}","templated":true}]}}