{"id":596,"date":"2021-06-28T07:21:26","date_gmt":"2021-06-28T07:21:26","guid":{"rendered":"https:\/\/organizzazione.cai.it\/gr-sardegna\/2021\/06\/montagnaterapia-generosita-cai-ollolai\/"},"modified":"2021-06-28T07:21:26","modified_gmt":"2021-06-28T07:21:26","slug":"montagnaterapia-generosita-cai-ollolai","status":"publish","type":"post","link":"https:\/\/organizzazione.cai.it\/gr-sardegna\/2021\/06\/montagnaterapia-generosita-cai-ollolai\/","title":{"rendered":"Montagnaterapia Generosit\u00e0 Cai Ollolai"},"content":{"rendered":"<p><strong>Progetto Cai per le disabilit\u00e0. Montagnaterapia sui monti di Ollolai<\/strong><\/p>\n<p>Le rocce di Santu Vasili di Ollolai, degna cornice sabato 26 Giugno, per l\u2019escursione di Montagnaterapia. Attivit\u00e0 voluta da Cai Sardegna, Cai Nuoro e la comunit\u00e0 Santa Caterina di Ghilarza. Prosegue il progetto che vede coinvolti i ragazzi con problemi di disabilit\u00e0, accolti nell\u2019istituto del centro del Guilcer e che hanno nel loro percorso terapeutico i sentieri e i percorsi organizzati dal Cai. La direzione dell\u2019evento di sabato \u00e8 affidata a ai soci di Ollolai con Michele Peddone e di Olzai con Lino Vilia e l\u2019impegno di Tonino Ladu responsabile Regionale Cai per la Montagnaterapia. L\u2019assistenza costante con preciso protocollo di coinvolgimento dei ragazzi \u00e8 nella professionalit\u00e0 degli assistenti Manuela, Antonio e Carla. Battuta dal sole la piazza centrale di Ollolai con la parrocchiale sullo sfondo, quando la comitiva si mette in marcia. Obiettivo Santu Vasili, il tempietto campestre custode di storie antiche di frati e conventi, di riferimenti della religiosit\u00e0 popolare e di tragedie ancora vive nell\u2019immaginario del paese. D\u2019altronde Ospitone qui regnava, dux Barbaricinorum, nel cuore della Barbagia, dove, nel 594 su volere di papa Gregorio Magno, ha cancellato le idolatrie pagane, l\u2019adorazione di animali, legni e pietre e imposto i culti della nuova civilt\u00e0 cristiana. Soffia sui volti dei ragazzi stanchi, la brezza da Sa Punta Manna e da Su Nodu \u2018e Gosolodine. Percorre gli alti pianori, ancora disegnati di verde di Badde Sa Cheresia e Fenottia. Sguardo attento sulle rocce di granito, Sa Erve\u2019e,\u00a0 Sa Honca vravihaa, sculture che solo un artista ignoto pu\u00f2 aver custodito sotto i boschi di lecci. Il rientro significa riepilogo della giornata e coinvolgimento emotivo dei ragazzi e dei direttori della faticosa escursione. L\u2019appuntamento \u00e8 per la prossima con il progetto del Cai nazionale di Montagnaterapia che prosegue.<\/p>\n<p>Giugno 2021<\/p>\n<p>Matteo Marteddu<\/p>\n<p>Presidente Regionale Cai- Sardegna<\/p>\n","protected":false},"excerpt":{"rendered":"<p>Progetto Cai per le disabilit\u00e0. Montagnaterapia sui monti di Ollolai Le rocce di Santu Vasili di Ollolai, degna cornice sabato 26 Giugno, per l\u2019escursione di Montagnaterapia. Attivit\u00e0 voluta da Cai [&hellip;]<\/p>\n","protected":false},"author":1,"featured_media":130,"comment_status":"closed","ping_status":"open","sticky":false,"template":"","format":"standard","meta":{"footnotes":""},"categories":[6],"tags":[7],"_links":{"self":[{"href":"https:\/\/organizzazione.cai.it\/gr-sardegna\/wp-json\/wp\/v2\/posts\/596"}],"collection":[{"href":"https:\/\/organizzazione.cai.it\/gr-sardegna\/wp-json\/wp\/v2\/posts"}],"about":[{"href":"https:\/\/organizzazione.cai.it\/gr-sardegna\/wp-json\/wp\/v2\/types\/post"}],"author":[{"embeddable":true,"href":"https:\/\/organizzazione.cai.it\/gr-sardegna\/wp-json\/wp\/v2\/users\/1"}],"replies":[{"embeddable":true,"href":"https:\/\/organizzazione.cai.it\/gr-sardegna\/wp-json\/wp\/v2\/comments?post=596"}],"version-history":[{"count":0,"href":"https:\/\/organizzazione.cai.it\/gr-sardegna\/wp-json\/wp\/v2\/posts\/596\/revisions"}],"wp:featuredmedia":[{"embeddable":true,"href":"https:\/\/organizzazione.cai.it\/gr-sardegna\/wp-json\/wp\/v2\/media\/130"}],"wp:attachment":[{"href":"https:\/\/organizzazione.cai.it\/gr-sardegna\/wp-json\/wp\/v2\/media?parent=596"}],"wp:term":[{"taxonomy":"category","embeddable":true,"href":"https:\/\/organizzazione.cai.it\/gr-sardegna\/wp-json\/wp\/v2\/categories?post=596"},{"taxonomy":"post_tag","embeddable":true,"href":"https:\/\/organizzazione.cai.it\/gr-sardegna\/wp-json\/wp\/v2\/tags?post=596"}],"curies":[{"name":"wp","href":"https:\/\/api.w.org\/{rel}","templated":true}]}}