{"id":597,"date":"2021-06-09T07:53:48","date_gmt":"2021-06-09T07:53:48","guid":{"rendered":"https:\/\/organizzazione.cai.it\/gr-sardegna\/2021\/06\/montagna-terapia-in-barbagia\/"},"modified":"2021-06-09T07:53:48","modified_gmt":"2021-06-09T07:53:48","slug":"montagna-terapia-in-barbagia","status":"publish","type":"post","link":"https:\/\/organizzazione.cai.it\/gr-sardegna\/2021\/06\/montagna-terapia-in-barbagia\/","title":{"rendered":"Montagna Terapia In Barbagia"},"content":{"rendered":"<p><strong>Si aprono spazi e paesaggi di nuove speranze. Orotelli.<\/strong><\/p>\n<p>&nbsp;<\/p>\n<p>Con ragazzi speciali. 29 Maggio 2021.Il CAI prosegue nel progetto di montagnaterapia.Si, perch\u00e9 sono davvero speciali quei ragazzi che sgranano gli occhi di fronte ai prati verdi di una primavera avanzata con brezze d\u2019occidente che accarezzano i loro volti. Guidano Natalio e Giuseppe, con generosit\u00e0 e disponibilit\u00e0 CAI. Con Tonino li seguiamo a distanza lungo sentieri di contadini e pastori. E la sensibilit\u00e0 incardinata nella alta professionalit\u00e0 di Manuela, Carla e Antonio\u00a0 ne segue sguardi, fatiche abbozzate, solitudini, commozioni, curiosit\u00e0. Se non c\u2019\u00e8 passione, questo lavoro non si fa\u2019, dice Manuela. Dura la salita dal bivio della 129. Calone, quel monotorre intatto nelle sue pietre di storie graffiate, simbolo di un paese, sentinella di ingresso alle terre di Barbagia. Sfiorano i ragazzi gli immensi conci di granito. Stanno l\u00ec da 3500 anni. Ricompresi in orizzonti vasti, da Gonare a Santu Padre, dalle torri spente di Ottana ai primi contrafforti del Gennargentu. Pascoli verdi scossi dal vento a Madaulas. Mandrie e criniere di cavalli bradi, austeri e forti. Ruderi di architetture rurali, cadenti e narranti di decenni e decenni di vite consumate, senza orizzonti. Graniti levigati nell\u2019arte e nello stile dei pozzi campestri orotellesi. Tutto i ragazzi inseriscono nei loro pensieri e ricompongono nel loro percorso di fatica e sudore, stamane. Da sfondo l\u2019intrico delle sugherete di Sa Serra, compendio unico che mantiene intatto il senso di scrigno e patrimonio integro e intangibile di una comunit\u00e0\u2019. Sino al nuraghe fortezza o reggia. Aeddos, con le sue cinque torri richiede l\u2019inchino che i grandi avvenimenti storici impongono. Qui, nel villaggio che si accosta hanno creato civilt\u00e0\u2019, economia, senso religioso, radicato spirito condiviso che hanno lungo i millenni trasmesso a valle. Di questo i ragazzi, le assistenti, i direttori dell\u2019escursione hanno parlato nell\u2019incontro finale, sotto la sugherete e all\u2019ombra della reggia nuragica. I saluti finali di un arrivederci a presto. Perch\u00e9 il CAI continua nel suo progetto.<\/p>\n<p>Matteo Marteddu<\/p>\n<p>Maggio 21.<\/p>\n<p>&nbsp;<\/p>\n","protected":false},"excerpt":{"rendered":"<p>Si aprono spazi e paesaggi di nuove speranze. Orotelli. &nbsp; Con ragazzi speciali. 29 Maggio 2021.Il CAI prosegue nel progetto di montagnaterapia.Si, perch\u00e9 sono davvero speciali quei ragazzi che sgranano [&hellip;]<\/p>\n","protected":false},"author":1,"featured_media":598,"comment_status":"closed","ping_status":"open","sticky":false,"template":"","format":"standard","meta":{"footnotes":""},"categories":[6],"tags":[8],"_links":{"self":[{"href":"https:\/\/organizzazione.cai.it\/gr-sardegna\/wp-json\/wp\/v2\/posts\/597"}],"collection":[{"href":"https:\/\/organizzazione.cai.it\/gr-sardegna\/wp-json\/wp\/v2\/posts"}],"about":[{"href":"https:\/\/organizzazione.cai.it\/gr-sardegna\/wp-json\/wp\/v2\/types\/post"}],"author":[{"embeddable":true,"href":"https:\/\/organizzazione.cai.it\/gr-sardegna\/wp-json\/wp\/v2\/users\/1"}],"replies":[{"embeddable":true,"href":"https:\/\/organizzazione.cai.it\/gr-sardegna\/wp-json\/wp\/v2\/comments?post=597"}],"version-history":[{"count":0,"href":"https:\/\/organizzazione.cai.it\/gr-sardegna\/wp-json\/wp\/v2\/posts\/597\/revisions"}],"wp:featuredmedia":[{"embeddable":true,"href":"https:\/\/organizzazione.cai.it\/gr-sardegna\/wp-json\/wp\/v2\/media\/598"}],"wp:attachment":[{"href":"https:\/\/organizzazione.cai.it\/gr-sardegna\/wp-json\/wp\/v2\/media?parent=597"}],"wp:term":[{"taxonomy":"category","embeddable":true,"href":"https:\/\/organizzazione.cai.it\/gr-sardegna\/wp-json\/wp\/v2\/categories?post=597"},{"taxonomy":"post_tag","embeddable":true,"href":"https:\/\/organizzazione.cai.it\/gr-sardegna\/wp-json\/wp\/v2\/tags?post=597"}],"curies":[{"name":"wp","href":"https:\/\/api.w.org\/{rel}","templated":true}]}}