{"id":631,"date":"2021-04-09T06:27:33","date_gmt":"2021-04-09T06:27:33","guid":{"rendered":"https:\/\/organizzazione.cai.it\/gr-sardegna\/2021\/04\/montagnaterapia-due-nuraghi-orotelli\/"},"modified":"2021-04-09T06:27:33","modified_gmt":"2021-04-09T06:27:33","slug":"montagnaterapia-due-nuraghi-orotelli","status":"publish","type":"post","link":"https:\/\/organizzazione.cai.it\/gr-sardegna\/2021\/04\/montagnaterapia-due-nuraghi-orotelli\/","title":{"rendered":"Montagnaterapia : Due Nuraghi&#8230;&#8230;.orotelli"},"content":{"rendered":"<p><strong>CAI MONTAGNATERAPIA<\/strong><\/p>\n<p>24 Aprile 2021\u2014Escursione\u00a0 Orotelli<\/p>\n<p>Nel quadro delle iniziative \u201cCAI\u00a0 Montagnaterapia!, si propone, per il programma prossimo CAI Nuoro, l\u2019escursione con le modalit\u00e0 di seguito descritte:<\/p>\n<p>24 Aprile 2021, \u201c Calone \u2013 Aeddos, due nuraghi, due mondi, una primavera. Le colline alte di Orotelli\u201d.<\/p>\n<p>Ore 9.00 localit\u00e0 \u201cSa Traversa\u201d. Ore 13 circa Sa Serra \u2013 Aeddos.<\/p>\n<p>Tipologia T\/E.<\/p>\n<p>Sentieri e carrarecce con piano di calpestio adeguato, in carenza di difficolt\u00e0. Leggera salita iniziale con gran parte dell\u2019escursione in quota attorno ai 550 msm.<\/p>\n<p>Direttori : Soci CAI Orotelli,\u00a0 Natalio Lunesu, Tina Santoni<\/p>\n<p>La proposta di escursione \u00e8 inserita nel progetto Regionale e Sezionale di Montagna terapia. Dal CAI arriva una spinta forte per impegnare il sodalizio su questi temi di alto valore sociale, nell\u2019intero territorio nazionale. L\u2019iniziativa del 24 Aprile si basa sul raccordo tra CAI e \u201dl\u2019Istituto per la cura delle disabilit\u00e0 mentali Santa Caterina\u201d, con sede giuridica e operativa nel comune di Ghilarza. Viene resa possibile la sua realizzazione, previo parere delle autorit\u00e0 competenti nella fase di restrizioni anti-contagio, per i suoi obiettivi legati alle terapie e alla salute dei disabili. Rimangono tutte le opportune e necessarie pratiche di tutela igienico sanitarie (Mascherine, gel, distanziamento). Tre operatrici dell\u2019Istituto seguiranno e porranno in essere, durante l\u2019escursione, le procedure terapeutiche previste dal format del protocollo adeguato. I ragazzi e le loro tutors raggiungeranno il luogo di partenza con il pulmino dell\u2019Istituto. Sia avvier\u00e0 l\u2019escursione da Sa Traversa, area attorno alla SS 129, bivio per Orotelli. Sentiero ben tracciato e pista utilizzata dai pastori. Leggera salita su collina, sino all\u2019azienda sovrastante nei pressi della localit\u00e0\u201d Funtana Fritta\u201d. Superata facilmente la recinzione, si raggiunge la cima della collina dove si erge, come il signore di quelle terre, il Nuraghe Calone. Monotorre, circondato dalle muraglie megalitiche di et\u00e0 neolitica, domina letteralmente le intere vallate che si distendono verso la Barbagia, il Marghine e il Goceano. Ha rischiato l\u2019implosione se non fosse per l\u2019impegno di alcuni soci CAI di Orotelli, i quali, anni or sono, lanciarono l\u2019appello \u201cSalviamo il Nuraghe Calone\u201d. Interventi Regionali e Comunali lo hanno salvato dalla distruzione e ancora \u00e8 l\u00ec a simboleggiare una civilt\u00e0, un popolo, una terra. Da Calone inizia il percorso, in quota, verso \u201c Sa Serra\u201d. Paesaggi, sorgenti, acque affioranti, pozzi in granito di fattura magistrale, con le architetture di raffinati artigiani orotellesi. Non sempre lo stile oggi fa rima con rispetto di luoghi e manufatti. E lo vedremo, purtroppo. Tanche verdi, primavera si \u00e8 riappropriata con la sua forza di Madaulas e della piana di Sa Serra. Qui le sugherete richiamano antiche usanze medievali, legnatico, enfiteusi, uso civico e comunitario di beni e luoghi. All\u2019interno, ricercandoli, si trovano ancora ruderi di tombe di Gigante. Testimoniano la vicinanza del Nuraghe \u201cAeddos\u201d che compare nella grandezza della sua maestosit\u00e0. Nuraghe complesso, polilobato, oggetto di scavi scientifici e di studi. Per le sue architetture interne ed esterne, testimone quasi intatte della forza espressiva, comunitaria e culturale delle ultime stagioni della Civilt\u00e0 Nuragica, anche da queste parti. Le tracce affioranti delle capanne del villaggio, con la strutturazione di vita collettiva e condivisa, ci accompagnano verso il passato che poi sono la nostra radice. Nella piana, ragazzi e accompagnatori sosteremo, con spirito di accoglienza. Le parole del Sindaco e dell\u2019amministrazione di Orotelli accresceranno il valore istituzionale della iniziativa del CAI e della Comunit\u00e0 di Santa Caterina. L\u2019escursione si concluder\u00e0 attorno alle 14 circa e i ragazzi faranno ritorno a Ghilarza con il loro pulmino.<\/p>\n<p>Nuoro 7 Aprile 2021<\/p>\n<p>Tonino Ladu\u00a0\u00a0 Referente Cai sardegna per la Montagnaterapia<\/p>\n<p>Matteo Marteddu<\/p>\n<p>I Direttori Cai<\/p>\n<p>&nbsp;<\/p>\n<p>&nbsp;<\/p>\n","protected":false},"excerpt":{"rendered":"<p>CAI MONTAGNATERAPIA 24 Aprile 2021\u2014Escursione\u00a0 Orotelli Nel quadro delle iniziative \u201cCAI\u00a0 Montagnaterapia!, si propone, per il programma prossimo CAI Nuoro, l\u2019escursione con le modalit\u00e0 di seguito descritte: 24 Aprile 2021, [&hellip;]<\/p>\n","protected":false},"author":1,"featured_media":610,"comment_status":"closed","ping_status":"open","sticky":false,"template":"","format":"standard","meta":{"footnotes":""},"categories":[6],"tags":[7],"_links":{"self":[{"href":"https:\/\/organizzazione.cai.it\/gr-sardegna\/wp-json\/wp\/v2\/posts\/631"}],"collection":[{"href":"https:\/\/organizzazione.cai.it\/gr-sardegna\/wp-json\/wp\/v2\/posts"}],"about":[{"href":"https:\/\/organizzazione.cai.it\/gr-sardegna\/wp-json\/wp\/v2\/types\/post"}],"author":[{"embeddable":true,"href":"https:\/\/organizzazione.cai.it\/gr-sardegna\/wp-json\/wp\/v2\/users\/1"}],"replies":[{"embeddable":true,"href":"https:\/\/organizzazione.cai.it\/gr-sardegna\/wp-json\/wp\/v2\/comments?post=631"}],"version-history":[{"count":0,"href":"https:\/\/organizzazione.cai.it\/gr-sardegna\/wp-json\/wp\/v2\/posts\/631\/revisions"}],"wp:featuredmedia":[{"embeddable":true,"href":"https:\/\/organizzazione.cai.it\/gr-sardegna\/wp-json\/wp\/v2\/media\/610"}],"wp:attachment":[{"href":"https:\/\/organizzazione.cai.it\/gr-sardegna\/wp-json\/wp\/v2\/media?parent=631"}],"wp:term":[{"taxonomy":"category","embeddable":true,"href":"https:\/\/organizzazione.cai.it\/gr-sardegna\/wp-json\/wp\/v2\/categories?post=631"},{"taxonomy":"post_tag","embeddable":true,"href":"https:\/\/organizzazione.cai.it\/gr-sardegna\/wp-json\/wp\/v2\/tags?post=631"}],"curies":[{"name":"wp","href":"https:\/\/api.w.org\/{rel}","templated":true}]}}