{"id":6325,"date":"2026-03-17T15:28:48","date_gmt":"2026-03-17T14:28:48","guid":{"rendered":"https:\/\/organizzazione.cai.it\/gr-sardegna\/?p=6325"},"modified":"2026-03-17T15:28:48","modified_gmt":"2026-03-17T14:28:48","slug":"custodi-terre-alte-2026","status":"publish","type":"post","link":"https:\/\/organizzazione.cai.it\/gr-sardegna\/2026\/03\/custodi-terre-alte-2026\/","title":{"rendered":"CUSTODI TERRE ALTE 2026"},"content":{"rendered":"\n<ul id=\"container\">\n<li>Club Alpino ItalianoComitato Scienti\ue612co CentralePremio NazionaleCUSTODI DELLE TERRE ALTEEDIZIONE 2026Che cosa si propone questo bandoIlComitatoScientificoCentraledelClubAlpinoItaliano,riconosceilvaloredellapresenzaumana in montagna quale fattore di cura, manutenzione, valorizzazione dell\u2019eredit\u00e0storica, culturale e ambientale delle Terre Alte abitate.Le persone, ma anche le realt\u00e0 sociali (Associazioni, Enti, Istituzioni, ecc.) interne oesternealSodaliziocheassumonoquestameritoriamissionedipreservazioneculturale,diventano quindi veri e propri custodi della cultura delle Terre Alte.Al finedi incoraggiare questogenerediattivit\u00e0 eadditarlo come esempioperaltri,sipropone una\u201cnuova alleanza\u201d traSezioniCAIe custodidella montagna istituendounconcorsotesoafaremergereedindicarecomeesempioquestefigure,oltreasuggerireazionichevalorizzinotestimonianzeumaneesemplariingradoconlapropriaattivit\u00e0e\/oconoscenzadiincarnareesperienzesapienti di \u201cmontanit\u00e0\u201d,ovvero dicoabitazionetrapresenza umana e territorio.SichiedequindialleSezionidelSodaliziodicandidarealpremiofigureemblematichedidonne, uomini ed espressioni sociali del proprio territorio: agricoltori, artigiani, artisti,attivisti, cultori, ricercatori, ecc., che adiverso titolo si sono dedicati allavalorizzazione deipropriterritori,chehannosceltodiresistereotornarenelleTerreAlteperfarlerivivere,chesisonofatticaricodicustodireivaloriculturalieambientalidiluoghimarginalioinabbandono.Lecandidature selezionate (al massimo cinque ogni anno) andranno acostituireun Albo dei Custodi delle Terre Alte accessibile da apposito portale web e successive ulterioripubblicazioni;quellechenondovesseroessereinseritetraleprescelteperilPremioincorso potranno essere ricandidate nelle edizioni future.Chi pu\u00f2 partecipareLa partecipazione \u00e8 riservata alle Sezioni del Club Alpino Italiano compilando l\u2019unitadomanda a firma del proprio Presidente.Ogni Sezione pu\u00f2 presentare una sola candidatura per volta.Come parteciparePartecipare \u00e8 semplice: basta compilare l\u2019unito modulo e inviarloentro il 30 APRILE 2026 all\u2019indirizzo e-mail custoditerrealte@gmail.comTutte le candidature inviate verranno valutate da un\u2019apposita commissione che, adinsindacabile giudizio, selezioner\u00e0 quelle ritenute pi\u00f9 significative.1<\/li>\n\n\n\n<li>Le Sezioni che avranno proposto la candidatura prescelta riceveranno una targa daconsegnare alla candidata o al candidato.IlComitatoScientificoCentralecomunicher\u00e0l\u2019esitodellepropostepervenuteentroil 15 MAGGIO 2026.Tuttiimaterialiinviati(lecandidature)resterannoadisposizionedelComitatoScientificoCentrale:leSezioniassicuranolapubblicabilit\u00e0ditestieimmaginiinviate(conrelativonulla osta delle persone coinvolte) e hanno la responsabilit\u00e0 della veridicit\u00e0 delleaffermazioni contenute nelle candidature stesse.L\u2019eventodi premiazionedovr\u00e0 tenersi,a cura delle Sezioni proponenti,entroil mesedi SETTEMBRE 2026.Una nota riassuntiva che comprenda anche supporti foto\/video dell\u2019attivit\u00e0 svolta inoccasione della premiazione, andr\u00e0 necessariamente inviata a<\/li>\n<\/ul>\n\n\n<figure class=\"wp-block-post-featured-image\"><img loading=\"lazy\" decoding=\"async\" width=\"1600\" height=\"1200\" src=\"https:\/\/organizzazione.cai.it\/gr-sardegna\/wp-content\/uploads\/sites\/64\/2026\/03\/9b9481b6-facf-4f32-a0ea-f0ec557e5a25.webp\" class=\"attachment-post-thumbnail size-post-thumbnail wp-post-image\" alt=\"- CAI\" style=\"object-fit:cover;\" srcset=\"https:\/\/organizzazione.cai.it\/gr-sardegna\/wp-content\/uploads\/sites\/64\/2026\/03\/9b9481b6-facf-4f32-a0ea-f0ec557e5a25.webp 1600w, https:\/\/organizzazione.cai.it\/gr-sardegna\/wp-content\/uploads\/sites\/64\/2026\/03\/9b9481b6-facf-4f32-a0ea-f0ec557e5a25-960x720.webp 960w, https:\/\/organizzazione.cai.it\/gr-sardegna\/wp-content\/uploads\/sites\/64\/2026\/03\/9b9481b6-facf-4f32-a0ea-f0ec557e5a25-1440x1080.webp 1440w, https:\/\/organizzazione.cai.it\/gr-sardegna\/wp-content\/uploads\/sites\/64\/2026\/03\/9b9481b6-facf-4f32-a0ea-f0ec557e5a25-768x576.webp 768w, https:\/\/organizzazione.cai.it\/gr-sardegna\/wp-content\/uploads\/sites\/64\/2026\/03\/9b9481b6-facf-4f32-a0ea-f0ec557e5a25-1536x1152.webp 1536w\" sizes=\"(max-width: 1600px) 100vw, 1600px\" title=\"\"><\/figure>\n\n\n<p>Il marted\u00ec, marzo 17, 2026, 12:01 PM, GR Sardegna &lt;gr_cai_sardegna@cai.it&gt; ha scritto:<\/p>\n\n\n\n<blockquote class=\"wp-block-quote is-layout-flow wp-block-quote-is-layout-flow\">\n<p>Gentili Presidenti,<\/p>\n\n\n\n<p>vi inoltro la comunicazione del Comitato Scientifico che ci informa che \u00e8 aperto il bando per presentare candidature per il &#8220;Premio nazionale Custodi delle Terre Alte&#8221;.<\/p>\n\n\n\n<p>La partecipazione \u00e8 riservata alle Sezioni.<\/p>\n\n\n\n<p>Occorre compilare il modulo allegato alla comunicazione che vi inoltro&nbsp;<\/p>\n\n\n\n<p>e inviarlo&nbsp;<strong>entro il 30 APRILE 2026<\/strong>&nbsp;all\u2019indirizzo e-mail&nbsp;<strong><a rel=\"noreferrer noopener\" target=\"_blank\" href=\"mailto:custoditerrealte@gmail.com\">custoditerrealte@gmail.com<\/a><\/strong><\/p>\n\n\n\n<p>Vengono premiati cinque &#8220;Custodi&#8221; ogni anno.<\/p>\n\n\n\n<p>Lo scorso anno abbiamo avuto la soddisfazione di veder premiati i candidati proposti dalla Sezione di Nuoro.<\/p>\n\n\n\n<p>In mancanza di idee migliori, se posso fare una mia proposta, l&#8217;altro giorno mi ha incuriosito la notizia della manifestazione &#8220;Montresta innesta&#8221; che, a quanto ho appreso, si svolge gi\u00e0 da tanti anni e ha come obiettivo la salvaguardia di tante variet\u00e0 diverse di peri e meli e della stessa conoscenza della tecnica dell&#8217;innesto.<\/p>\n\n\n\n<p>Ricordo che la stessa cosa era stata fatta dalla pro loco di Lula anni fa. E magari ci saranno altri soggetti, pubblici o privati, che faranno cose simili, per la tutela di variet\u00e0 autoctone di piante e animali.<\/p>\n\n\n\n<p>Chiss\u00e0, magari alla Commissione valutatrice&nbsp; potrebbe piacere che vengano proposte come candidate delle iniziative cos\u00ec diffuse sul territorio che coinvolgono intere comunit\u00e0 locali, anzich\u00e8 il caso del singolo individuo che resiste in montagna, come l&#8217;ultimo dei Mohicani.&nbsp;&nbsp;<\/p>\n\n\n\n<p>Saluti.<\/p>\n\n\n\n<p>Pierfrancesco<\/p>\n<\/blockquote>\n","protected":false},"excerpt":{"rendered":"<p>Il marted\u00ec, marzo 17, 2026, 12:01 PM, GR Sardegna &lt;gr_cai_sardegna@cai.it&gt; ha scritto: Gentili Presidenti, vi inoltro la comunicazione del Comitato Scientifico che ci informa che \u00e8 aperto il bando per [&hellip;]<\/p>\n","protected":false},"author":119,"featured_media":6323,"comment_status":"closed","ping_status":"closed","sticky":false,"template":"","format":"standard","meta":{"footnotes":""},"categories":[4],"tags":[],"_links":{"self":[{"href":"https:\/\/organizzazione.cai.it\/gr-sardegna\/wp-json\/wp\/v2\/posts\/6325"}],"collection":[{"href":"https:\/\/organizzazione.cai.it\/gr-sardegna\/wp-json\/wp\/v2\/posts"}],"about":[{"href":"https:\/\/organizzazione.cai.it\/gr-sardegna\/wp-json\/wp\/v2\/types\/post"}],"author":[{"embeddable":true,"href":"https:\/\/organizzazione.cai.it\/gr-sardegna\/wp-json\/wp\/v2\/users\/119"}],"replies":[{"embeddable":true,"href":"https:\/\/organizzazione.cai.it\/gr-sardegna\/wp-json\/wp\/v2\/comments?post=6325"}],"version-history":[{"count":1,"href":"https:\/\/organizzazione.cai.it\/gr-sardegna\/wp-json\/wp\/v2\/posts\/6325\/revisions"}],"predecessor-version":[{"id":6326,"href":"https:\/\/organizzazione.cai.it\/gr-sardegna\/wp-json\/wp\/v2\/posts\/6325\/revisions\/6326"}],"wp:featuredmedia":[{"embeddable":true,"href":"https:\/\/organizzazione.cai.it\/gr-sardegna\/wp-json\/wp\/v2\/media\/6323"}],"wp:attachment":[{"href":"https:\/\/organizzazione.cai.it\/gr-sardegna\/wp-json\/wp\/v2\/media?parent=6325"}],"wp:term":[{"taxonomy":"category","embeddable":true,"href":"https:\/\/organizzazione.cai.it\/gr-sardegna\/wp-json\/wp\/v2\/categories?post=6325"},{"taxonomy":"post_tag","embeddable":true,"href":"https:\/\/organizzazione.cai.it\/gr-sardegna\/wp-json\/wp\/v2\/tags?post=6325"}],"curies":[{"name":"wp","href":"https:\/\/api.w.org\/{rel}","templated":true}]}}