{"id":686,"date":"2020-11-29T06:17:23","date_gmt":"2020-11-29T06:17:23","guid":{"rendered":"https:\/\/organizzazione.cai.it\/gr-sardegna\/2020\/11\/40416-2\/"},"modified":"2020-11-29T06:17:23","modified_gmt":"2020-11-29T06:17:23","slug":"40416-2","status":"publish","type":"post","link":"https:\/\/organizzazione.cai.it\/gr-sardegna\/2020\/11\/40416-2\/","title":{"rendered":"Sos Enattos .. Lettera  A V. Torti"},"content":{"rendered":"<p>&nbsp;<\/p>\n<p>&nbsp;<\/p>\n<p>&nbsp;<\/p>\n<p>Avvocato Vincenzo Torti<\/p>\n<p>Presidente Generale<\/p>\n<p>Club Alpino Italiano<\/p>\n<p>Milano<\/p>\n<p>Sede<\/p>\n<p>&nbsp;<\/p>\n<p>Egregio Presidente, Cai Sardegna, le istituzioni civiche e scientifiche, i cittadini sardi hanno accolto con speranza ed entusiasmo la proposta di installare nelle miniere dismesse di Sos Enattos, il rilevatore di eventi cosmici Enstein Telescope (ET). Progetto di rilevanza mondiale. Un grande numero di sismometri, collocati nelle viscere delle antiche miniere, rilevano, mediante interferometria laser, con strumentazione complessa e ultra sensibile, le onde gravitazionali dell\u2019Universo. Rilevatore di terza generazione, 10 volte pi\u00f9 potente rispetto a quello di seconda generazione. Dopo anni di griglia e di studi scientifici, la scelta del sito si \u00e8 ridotta a due candidature: la Sardegna a Sos Enattos, candidata dalla comunit\u00e0 scientifica e dal Governo e, in competizione, il Limburgo, spianata di confine tra Germania ,Belgio, Olanda. La sfida sono le risorse europee e nazionali e la presenza di decine e decine di scienziati all\u2019interno dell\u2019area prescelta. Sos Enattos, per geolocalizzartelo, nelle forre tra Lula, Bitti, Orune, Onan\u00ec, cuore della Sardegna e della Barbagia. Estraevano Blenda e Galena gi\u00e0 i nuragici, grande sviluppo nella Roma imperiale che confinava in quei luoghi i \u201cDamnati ad metalla\u201d e gli schiavi ebrei. Tanti gli imprenditori, ultima la Regione Sardegna. Chiuse da qualche decennio, fanno parte del Parco Geominerario Sardo, con un passo dentro l\u2019Unesco. Bene, Presidente, mentre l\u2019Europa e la scienza sta per decidere, entro il 2021, nelle colline adiacenti al sito, stanno per insediarsi, se non bloccati in tempo, tre imponenti progetti per costruire una selva di pale eoliche.: Bitti-Terenass, \u201cOnanie\u201d, \u201cSarda Eolica Saras\u201d. Si tratta di 28 aerogeneratori, alti anche 206 metri, pari a 70 piani per ogni pala. \u201cPer i disturbi che immettono nell\u2019ambiente, scrive nel ricorso il sindaco di Lula Mario Calia, i parchi eolici sono esiziali per la rilevazione delle onde gravitazionali. Il rumore da vibrazioni a bassa frequenza dei piloni si propaga per decine di chilometri, specie su roccia compatta e poco dissipativa come nel sottosuolo del triangolo di Sos Enattos\u201d. Contrarie le amministrazioni locali. Paesaggio e ambiente, il bianco calcare del Montalbo, peraltro attraversato da Sentiero Italia Cai, verrebbe gravemente violentato. I progetti sono al vaglio della Valutazione di Impatto Ambientale presso il Ministero dell\u2019Ambiente. Apparirebbe una farsa se non fosse tragedia: lo Stato candida Sos Enattos per ET e dall\u2019altra lo distrugge con i permessi per la selva di pale? E\u2019 vero che la destra non sa quello che fa la sinistra!!!! Presidente c\u2019\u00e8 tanta apprensione e preoccupazione nel mondo Cai e tra i cittadini. A te chiediamo un autorevole intervento presso il ministero competente affinch\u00e8 anche il Cai contribuisca ad evitare lo scempio ambientale, sociale, economico, in una delle aree pi\u00f9 difficili dell\u2019Isola di Sardegna.<\/p>\n<p>Grazie.<\/p>\n<p>Matteo Marteddu Presidente Cai Sardegna<\/p>\n<p>Pierina Mameli Vice presidente<\/p>\n<p>Gesuino Onida, Peppino Columbu, Federica Cabiddu, componenti Comitato Direttivo Regionale Cai sardegna.<\/p>\n<p>Novembre 2020<\/p>\n","protected":false},"excerpt":{"rendered":"<p>&nbsp; &nbsp; &nbsp; Avvocato Vincenzo Torti Presidente Generale Club Alpino Italiano Milano Sede &nbsp; Egregio Presidente, Cai Sardegna, le istituzioni civiche e scientifiche, i cittadini sardi hanno accolto con speranza [&hellip;]<\/p>\n","protected":false},"author":1,"featured_media":687,"comment_status":"closed","ping_status":"open","sticky":false,"template":"","format":"standard","meta":{"footnotes":""},"categories":[6],"tags":[7],"_links":{"self":[{"href":"https:\/\/organizzazione.cai.it\/gr-sardegna\/wp-json\/wp\/v2\/posts\/686"}],"collection":[{"href":"https:\/\/organizzazione.cai.it\/gr-sardegna\/wp-json\/wp\/v2\/posts"}],"about":[{"href":"https:\/\/organizzazione.cai.it\/gr-sardegna\/wp-json\/wp\/v2\/types\/post"}],"author":[{"embeddable":true,"href":"https:\/\/organizzazione.cai.it\/gr-sardegna\/wp-json\/wp\/v2\/users\/1"}],"replies":[{"embeddable":true,"href":"https:\/\/organizzazione.cai.it\/gr-sardegna\/wp-json\/wp\/v2\/comments?post=686"}],"version-history":[{"count":0,"href":"https:\/\/organizzazione.cai.it\/gr-sardegna\/wp-json\/wp\/v2\/posts\/686\/revisions"}],"wp:featuredmedia":[{"embeddable":true,"href":"https:\/\/organizzazione.cai.it\/gr-sardegna\/wp-json\/wp\/v2\/media\/687"}],"wp:attachment":[{"href":"https:\/\/organizzazione.cai.it\/gr-sardegna\/wp-json\/wp\/v2\/media?parent=686"}],"wp:term":[{"taxonomy":"category","embeddable":true,"href":"https:\/\/organizzazione.cai.it\/gr-sardegna\/wp-json\/wp\/v2\/categories?post=686"},{"taxonomy":"post_tag","embeddable":true,"href":"https:\/\/organizzazione.cai.it\/gr-sardegna\/wp-json\/wp\/v2\/tags?post=686"}],"curies":[{"name":"wp","href":"https:\/\/api.w.org\/{rel}","templated":true}]}}