{"id":3171,"date":"2026-04-23T10:19:54","date_gmt":"2026-04-23T08:19:54","guid":{"rendered":"https:\/\/organizzazione.cai.it\/oltre-la-vetta\/?p=3171"},"modified":"2026-04-23T10:21:50","modified_gmt":"2026-04-23T08:21:50","slug":"oltre-la-vetta-al-trento-film-festival","status":"publish","type":"post","link":"https:\/\/organizzazione.cai.it\/oltre-la-vetta\/2026\/04\/oltre-la-vetta-al-trento-film-festival\/","title":{"rendered":"Oltre La Vetta al Trento Film Festival"},"content":{"rendered":"\n<p><strong>Con Sofia Farina e Matteo Di Zaiacomo, Presidente dei Ragni di Lecco<\/strong><\/p>\n\n\n\n<p>La montagna \u00e8 un luogo di libert\u00e0, scoperta e relazione profonda con la natura. Ma \u00e8 anche uno spazio in cui il rischio fa parte dell\u2019esperienza e in cui, talvolta, si incontra la perdita. Nonostante questo, nella comunit\u00e0 di chi la frequenta (alpinisti, escursionisti, soccorritori e familiari) il tema della morte rimane spesso difficile da affrontare.<\/p>\n\n\n\n<p>\u201c<strong>Oltre la vetta<\/strong>\u201d \u00e8 un progetto del <em>Club Alpino Italiano<\/em> nato per aprire uno spazio di dialogo su lutto, trauma e salute mentale nelle comunit\u00e0 della montagna. Attraverso un videopodcast, una rete di psicologi e momenti di confronto pubblico, il progetto promuove una riflessione condivisa su come elaboriamo il rischio, la perdita e il ritorno alla montagna.<\/p>\n\n\n\n<p>Al Trento Film Festival verr\u00e0 registrata dal vivo una puntata speciale del podcast, con un ospite del mondo della montagna e la partecipazione del Presidente Generale Antonio Montani. Un incontro pubblico per parlare di ci\u00f2 che accade quando la montagna ci mette di fronte ai suoi limiti, e di come le comunit\u00e0 della montagna possano trovare parole, strumenti e spazi per attraversare queste esperienze.<\/p>\n\n\n\n<p>Partecipa all&#8217;evento iscrivendoti a questo link: https:\/\/trentofestival.it\/edizione-2026\/programma\/eventi\/schedule\/139637\/oltre-la-vetta-podcast-02-05-2026\/<\/p>\n\n\n\n<p><em>Evento del Club Alpino Italiano, in collaborazione con Castello del Buonconsiglio<\/em><\/p>\n","protected":false},"excerpt":{"rendered":"<p>Con Sofia Farina e Matteo Di Zaiacomo, Presidente dei Ragni di Lecco La montagna \u00e8 un luogo di libert\u00e0, scoperta e relazione profonda con la natura. Ma \u00e8 anche uno [&hellip;]<\/p>\n","protected":false},"author":450,"featured_media":3161,"comment_status":"closed","ping_status":"closed","sticky":false,"template":"","format":"standard","meta":{"footnotes":""},"categories":[4],"tags":[],"_links":{"self":[{"href":"https:\/\/organizzazione.cai.it\/oltre-la-vetta\/wp-json\/wp\/v2\/posts\/3171"}],"collection":[{"href":"https:\/\/organizzazione.cai.it\/oltre-la-vetta\/wp-json\/wp\/v2\/posts"}],"about":[{"href":"https:\/\/organizzazione.cai.it\/oltre-la-vetta\/wp-json\/wp\/v2\/types\/post"}],"author":[{"embeddable":true,"href":"https:\/\/organizzazione.cai.it\/oltre-la-vetta\/wp-json\/wp\/v2\/users\/450"}],"replies":[{"embeddable":true,"href":"https:\/\/organizzazione.cai.it\/oltre-la-vetta\/wp-json\/wp\/v2\/comments?post=3171"}],"version-history":[{"count":4,"href":"https:\/\/organizzazione.cai.it\/oltre-la-vetta\/wp-json\/wp\/v2\/posts\/3171\/revisions"}],"predecessor-version":[{"id":3175,"href":"https:\/\/organizzazione.cai.it\/oltre-la-vetta\/wp-json\/wp\/v2\/posts\/3171\/revisions\/3175"}],"wp:featuredmedia":[{"embeddable":true,"href":"https:\/\/organizzazione.cai.it\/oltre-la-vetta\/wp-json\/wp\/v2\/media\/3161"}],"wp:attachment":[{"href":"https:\/\/organizzazione.cai.it\/oltre-la-vetta\/wp-json\/wp\/v2\/media?parent=3171"}],"wp:term":[{"taxonomy":"category","embeddable":true,"href":"https:\/\/organizzazione.cai.it\/oltre-la-vetta\/wp-json\/wp\/v2\/categories?post=3171"},{"taxonomy":"post_tag","embeddable":true,"href":"https:\/\/organizzazione.cai.it\/oltre-la-vetta\/wp-json\/wp\/v2\/tags?post=3171"}],"curies":[{"name":"wp","href":"https:\/\/api.w.org\/{rel}","templated":true}]}}