{"id":18879,"date":"2026-02-27T17:51:22","date_gmt":"2026-02-27T17:51:22","guid":{"rendered":"https:\/\/organizzazione.cai.it\/sez-bolzano-caiaa\/?p=18879"},"modified":"2026-02-27T18:14:05","modified_gmt":"2026-02-27T18:14:05","slug":"18879","status":"publish","type":"post","link":"https:\/\/organizzazione.cai.it\/sez-bolzano-caiaa\/2026\/02\/18879\/","title":{"rendered":"MODIFICA ORARIO DI SEGRETERIA"},"content":{"rendered":"<p><span style=\"color: #000000;\">Cari soci,<\/span><\/p>\n<p><span style=\"color: #000000;\">vi comunichiamo che a partire <strong>dal 1\u00b0 marzo 2026<\/strong> l\u2019orario di ufficio della segreteria del CAI Bolzano <\/span><span style=\"color: #000000;\">cambier\u00e0, come di seguito comunicato:<\/span><\/p>\n<h2><strong><span style=\"color: #000000;\">dal marted\u00ec al venerd\u00ec dalle ore 10:30 alle ore 17:30<\/span><\/strong><\/h2>\n<p><strong><span style=\"color: #000000;\">vi chiediamo pertanto di prendere visione del fatto che il luned\u00ec l\u2019ufficio rester\u00e0 chiuso in via definitiva.<\/span><\/strong><\/p>\n<p><span style=\"color: #000000;\">Siamo comunque a disposizione per i giorni da marted\u00ec a venerd\u00ec di ogni settimana per qualsivoglia informazione o aiuto e a tal proposito vogliamo ricordare a chi ancora non avesse avuto modo di provvedere che siamo a disposizione per il vostro rinnovo della quota associativa 2026. <\/span><span style=\"color: #000000;\">Il vostro contributo per noi \u00e8 un valido aiuto affinch\u00e9 le nostre attivit\u00e0 possano essere continuative e sempre pi\u00f9 attente alla cura delle attivit\u00e0 montane. <\/span><span style=\"color: #000000;\">Ci teniamo a condividere con voi queste esperienze e siamo sempre felici e disponibili ad accogliervi nella nostra associazione.<\/span><\/p>\n<p><span style=\"color: #000000;\">Speriamo di vedervi presto numerosi!<\/span><\/p>\n<p><span style=\"color: #000000;\">Cordiali Saluti<\/span><\/p>\n","protected":false},"excerpt":{"rendered":"<p>Cari soci, vi comunichiamo che a partire dal 1\u00b0 marzo 2026 l\u2019orario di ufficio della segreteria del CAI Bolzano cambier\u00e0, come di seguito comunicato: dal marted\u00ec al venerd\u00ec dalle ore [&hellip;]<\/p>\n","protected":false},"author":7,"featured_media":641,"comment_status":"closed","ping_status":"closed","sticky":true,"template":"","format":"standard","meta":{"footnotes":""},"categories":[4],"tags":[],"_links":{"self":[{"href":"https:\/\/organizzazione.cai.it\/sez-bolzano-caiaa\/wp-json\/wp\/v2\/posts\/18879"}],"collection":[{"href":"https:\/\/organizzazione.cai.it\/sez-bolzano-caiaa\/wp-json\/wp\/v2\/posts"}],"about":[{"href":"https:\/\/organizzazione.cai.it\/sez-bolzano-caiaa\/wp-json\/wp\/v2\/types\/post"}],"author":[{"embeddable":true,"href":"https:\/\/organizzazione.cai.it\/sez-bolzano-caiaa\/wp-json\/wp\/v2\/users\/7"}],"replies":[{"embeddable":true,"href":"https:\/\/organizzazione.cai.it\/sez-bolzano-caiaa\/wp-json\/wp\/v2\/comments?post=18879"}],"version-history":[{"count":7,"href":"https:\/\/organizzazione.cai.it\/sez-bolzano-caiaa\/wp-json\/wp\/v2\/posts\/18879\/revisions"}],"predecessor-version":[{"id":18890,"href":"https:\/\/organizzazione.cai.it\/sez-bolzano-caiaa\/wp-json\/wp\/v2\/posts\/18879\/revisions\/18890"}],"wp:featuredmedia":[{"embeddable":true,"href":"https:\/\/organizzazione.cai.it\/sez-bolzano-caiaa\/wp-json\/wp\/v2\/media\/641"}],"wp:attachment":[{"href":"https:\/\/organizzazione.cai.it\/sez-bolzano-caiaa\/wp-json\/wp\/v2\/media?parent=18879"}],"wp:term":[{"taxonomy":"category","embeddable":true,"href":"https:\/\/organizzazione.cai.it\/sez-bolzano-caiaa\/wp-json\/wp\/v2\/categories?post=18879"},{"taxonomy":"post_tag","embeddable":true,"href":"https:\/\/organizzazione.cai.it\/sez-bolzano-caiaa\/wp-json\/wp\/v2\/tags?post=18879"}],"curies":[{"name":"wp","href":"https:\/\/api.w.org\/{rel}","templated":true}]}}