{"id":47249,"date":"2026-04-16T15:00:18","date_gmt":"2026-04-16T13:00:18","guid":{"rendered":"https:\/\/organizzazione.cai.it\/sez-brescia\/?p=47249"},"modified":"2026-04-16T15:00:20","modified_gmt":"2026-04-16T13:00:20","slug":"commissione-escursionismo-iscriviti-alle-escursione-del-25-26-aprile-e-3-maggio","status":"publish","type":"post","link":"https:\/\/organizzazione.cai.it\/sez-brescia\/2026\/04\/commissione-escursionismo-iscriviti-alle-escursione-del-25-26-aprile-e-3-maggio\/","title":{"rendered":"Commissione Escursionismo &#8211; Iscriviti alle escursione del 25-26 Aprile e 3 Maggio"},"content":{"rendered":"\n<p><strong>Piccole Dolomiti Bresciane, itinerario ad anello<\/strong><\/p>\n\n\n\n<p>Itinerario ad anello che consente meravigliosi panorami sulle &#8220;Dolomiti Bresciane&#8221;, Corna Blacca,Cima Caldoline, Cima Negh\u00e8 , Corna Zeno. Transiteremo amche tra gli antici borghi semi abbandonati di Bisenzio e Presegno.<\/p>\n\n\n\n<p><a href=\"https:\/\/forms.gle\/1q2KqS8YGzchG3RAA\" target=\"_blank\" rel=\"noopener\">Iscriviti<\/a><\/p>\n\n\n\n<p><strong>Periplo Vajo Galina, Vajo Borago, Monte Ongarine (311 m)<\/strong><\/p>\n\n\n\n<p>Escursione alla scoperta dei selvaggi canyon alle porte di Verona con salita alla panoramica vetta del Monte Ongarine<\/p>\n\n\n\n<p><a href=\"https:\/\/forms.gle\/pKTms7tw9LoUzMfq5\" target=\"_blank\" rel=\"noopener\">Iscriviti<\/a><\/p>\n\n\n\n<p><strong>Giro della Pietra di Bismantova e Ferrata degli Alpini (doppio percorso)<\/strong><\/p>\n\n\n\n<p>La Pietra di Bismantova, 1041 m, \u00e8 uno dei luoghi pi\u00f9 caratteristici dell&#8217;Appennino Tosco-Emiliano, citata anche da Dante nel quarto canto del Purgatorio. Si pu\u00f2 raggiungere la sommit\u00e0 della rupe lungo un facile percorso escursionistico (E) oppure risalendo l&#8217;impegnativa Ferrata degli Alpini (EEA &#8211; PD). Escursione in pullman con possibilit\u00e0 di scegliere uno dei due percorsi<\/p>\n\n\n\n<p><a href=\"https:\/\/forms.gle\/gD9ecFULpAZdfVa76\" target=\"_blank\" rel=\"noopener\">Iscriviti<\/a><\/p>\n","protected":false},"excerpt":{"rendered":"<p>Piccole Dolomiti Bresciane, itinerario ad anello Itinerario ad anello che consente meravigliosi panorami sulle &#8220;Dolomiti Bresciane&#8221;, Corna Blacca,Cima Caldoline, Cima Negh\u00e8 , Corna Zeno. Transiteremo amche tra gli antici borghi [&hellip;]<\/p>\n","protected":false},"author":77,"featured_media":47252,"comment_status":"closed","ping_status":"closed","sticky":true,"template":"","format":"standard","meta":{"footnotes":""},"categories":[4],"tags":[],"_links":{"self":[{"href":"https:\/\/organizzazione.cai.it\/sez-brescia\/wp-json\/wp\/v2\/posts\/47249"}],"collection":[{"href":"https:\/\/organizzazione.cai.it\/sez-brescia\/wp-json\/wp\/v2\/posts"}],"about":[{"href":"https:\/\/organizzazione.cai.it\/sez-brescia\/wp-json\/wp\/v2\/types\/post"}],"author":[{"embeddable":true,"href":"https:\/\/organizzazione.cai.it\/sez-brescia\/wp-json\/wp\/v2\/users\/77"}],"replies":[{"embeddable":true,"href":"https:\/\/organizzazione.cai.it\/sez-brescia\/wp-json\/wp\/v2\/comments?post=47249"}],"version-history":[{"count":1,"href":"https:\/\/organizzazione.cai.it\/sez-brescia\/wp-json\/wp\/v2\/posts\/47249\/revisions"}],"predecessor-version":[{"id":47251,"href":"https:\/\/organizzazione.cai.it\/sez-brescia\/wp-json\/wp\/v2\/posts\/47249\/revisions\/47251"}],"wp:featuredmedia":[{"embeddable":true,"href":"https:\/\/organizzazione.cai.it\/sez-brescia\/wp-json\/wp\/v2\/media\/47252"}],"wp:attachment":[{"href":"https:\/\/organizzazione.cai.it\/sez-brescia\/wp-json\/wp\/v2\/media?parent=47249"}],"wp:term":[{"taxonomy":"category","embeddable":true,"href":"https:\/\/organizzazione.cai.it\/sez-brescia\/wp-json\/wp\/v2\/categories?post=47249"},{"taxonomy":"post_tag","embeddable":true,"href":"https:\/\/organizzazione.cai.it\/sez-brescia\/wp-json\/wp\/v2\/tags?post=47249"}],"curies":[{"name":"wp","href":"https:\/\/api.w.org\/{rel}","templated":true}]}}