{"id":1922,"date":"2025-05-22T13:59:39","date_gmt":"2025-05-22T13:59:39","guid":{"rendered":"https:\/\/organizzazione.cai.it\/sez-catanzaro\/?p=1922"},"modified":"2025-05-22T14:00:35","modified_gmt":"2025-05-22T14:00:35","slug":"giornata-mondiale-della-biodiversita-22-maggio-2025","status":"publish","type":"post","link":"https:\/\/organizzazione.cai.it\/sez-catanzaro\/2025\/05\/giornata-mondiale-della-biodiversita-22-maggio-2025\/","title":{"rendered":"Giornata Mondiale della biodiversit\u00e0 &#8211; 22 Maggio 2025"},"content":{"rendered":"\n<p class=\"has-text-align-center has-contrast-2-color has-azzurro-chiaro-background-color has-text-color has-background has-link-color has-medium-font-size wp-elements-935b36320aad256e1fcbe23cbbdbecd6\"><strong>Il comunicato della Commissione Centrale Tutela Ambiente Montano <\/strong><\/p>\n\n\n\n<p>La <strong>Commissione Centrale Tutela Ambiente Montano,<\/strong> in occasione di questa ricorrenza, ritiene proficuo per l\u2019intera realt\u00e0 associativa del Club Alpino Italiano, associazione di protezione ambientale riconosciuta, richiamare e porre alla attenzione di tutti alcuni concetti che possano essere di aiuto a cogliere il <strong>valore<br>complessivo della biodiversit\u00e0<\/strong> durante lo svolgimento delle attivit\u00e0 che caratterizzano e identificano il <strong>CAI<\/strong> stesso. <\/p>\n\n\n\n<p><strong>Comprendere e far comprendere,<\/strong> soprattutto ai Giovani, il significato intrinseco e complesso del termine <strong>biodiversit\u00e0 <\/strong>pu\u00f2 rappresentare uno degli elementi distintivi delle attivit\u00e0 svolte in ambiente montano. \u201c<strong>Il 22 maggio \u00e8 la Giornata mondiale della Biodiversit\u00e0 <\/strong>indetta dalle <strong>Nazioni Unite<\/strong> per celebrare la Biodiversit\u00e0, la <strong>ricchezza della vita<\/strong> \u2013 a livello di ecosistemi, specie e geni \u2013 sul nostro Pianeta. Lo scopo della ricorrenza \u00e8 di rimarcare i molteplici valori della biodiversit\u00e0, sottolineare l\u2019importanza della Convenzione delle Nazioni Unite per la Diversit\u00e0 Biologica (Convention on Biological Diversity, o CBD) e di promuovere il sostegno alla sua attuazione, insieme a quella del Protocollo di Cartagena (il cui obiettivo \u00e8 contribuire ad assicurare un adeguato livello di protezione nel campo del trasferimento, della manipolazione e dell&#8217;uso sicuri degli Organismi Viventi Modificati) e a quella del Protocollo di Nagoya sull\u2019Accesso alle Risorse Genetiche e l\u2019equa condivisione dei benefici derivanti dal loro utilizzo. <\/p>\n\n\n\n<p>Il tema scelto quest\u2019anno dal segretariato della CBD per la <strong>Giornata \u00e8 \u201cArmonia con la Natura e Sviluppo Sostenibile\u201d<\/strong> e sottolinea l&#8217;importanza di trovare un equilibrio tra le esigenze umane e la conservazione dell&#8217;ambiente, promuovendo uno sviluppo che non comprometta la salute del pianeta. L&#8217;Agenda 2030 con i suoi 17 obiettivi di sviluppo sostenibile riconosce che porre fine alla povert\u00e0 e all&#8217;insicurezza alimentare deve andare di pari passo con strategie che favoriscano la crescita economica e affrontino una serie di bisogni sociali, tra cui istruzione, salute, protezione sociale e opportunit\u00e0 di lavoro, contrastando al contempo il cambiamento climatico e la tutela dell&#8217;ambiente, in particolare della biodiversit\u00e0. <\/p>\n\n\n\n<p>Secondo la Piattaforma Intergovernativa di Politica Scientifica sulla Biodiversit\u00e0 (IPBES), la massima autorit\u00e0 scientifica in tema di biodiversit\u00e0 e servizi ecosistemici, l&#8217;<strong>attuazione degli Obiettivi di Sviluppo Sostenibile<\/strong> favorisce le trasformazioni necessarie e <strong>\u201cper vivere in armonia con la natura entro il 2050\u201d. <\/strong>La diversit\u00e0 biologica \u00e8 spesso intesa in termini di <strong>ampia variet\u00e0 di piante, animali e microrganismi,<\/strong> ma include anche differenze genetiche all&#8217;interno di ciascuna specie (ad esempio, tra variet\u00e0 di colture e razze di bestiame) e la variet\u00e0 di ecosistemi (laghi, foreste, deserti, paesaggi agricoli) che ospitano molteplici tipi di interazioni tra i loro membri (umani, piante, animali). <\/p>\n\n\n\n<p>Per contro la <strong>perdita di biodiversit\u00e0 minaccia tutti<\/strong>, compresa la nostra salute. La biodiversit\u00e0 e i benefici (materiali e non materiali, monetari e non monetari) che essa offre alle persone sono le fondamenta su cui costruiamo il benessere e la prosperit\u00e0 delle comunit\u00e0 mondiali quindi anche di noi stessi.  La Giornata deve servire anche ad <strong>aumentare la consapevolezza <\/strong>di prendere decisioni che separino il progresso socio-economico dalla distruzione della natura. E, siccome a fine 2025 mancheranno solo cinque anni per raggiungere i 17 Obbiettivi di Sviluppo Sostenibile, gli Organismi internazionali invitano gli Stati ad agire con maggiore senso di urgenza. Ma anche e soprattutto la somma dei nostri comportamenti quali Cittadini prima e Soci del CAI pu\u00f2 contribuire a consegnare alle generazioni future una biodiversit\u00e0 non gravemente compromessa dalle attivit\u00e0 umane prima di tutto. Per coloro i quali desiderassero ulteriormente approfondire il tema e trarne elementi di conoscenza diffusa, sul <strong>portale dell\u2019UNEP<\/strong> \u00e8 disponibile uno strumento interattivo che mostra i collegamenti tra il KMGBF (Kunming Montreal Global Biodiversity Framework accordo internazionale adattato dalla COP15) e gli Obiettivi<br>di Sviluppo Sostenibile dell&#8217;Agenda 2030.\u201d <\/p>\n\n\n\n<p>La <strong>CCTAM<\/strong> augura a tutto il CAI di poter celebrare con gioia e partecipazione l\u2019imminente <strong>Giornata mondiale della Biodiversit\u00e0.   <\/strong><\/p>\n\n\n\n<p class=\"has-text-align-right\">                                                                                                                                                                                                                              <em>Il Presidente<br>                                                                                                                                                                                                                             Raffaele Marini<\/em><\/p>\n\n\n\n<figure class=\"wp-block-image aligncenter size-large\"><img loading=\"lazy\" decoding=\"async\" width=\"1621\" height=\"1080\" src=\"https:\/\/organizzazione.cai.it\/sez-catanzaro\/wp-content\/uploads\/sites\/116\/2025\/05\/biodiversita-2025-tam-calabria-1621x1080.webp\" alt=\"- CAI\" class=\"wp-image-1923\" title=\"\" srcset=\"https:\/\/organizzazione.cai.it\/sez-catanzaro\/wp-content\/uploads\/sites\/116\/2025\/05\/biodiversita-2025-tam-calabria-1621x1080.webp 1621w, https:\/\/organizzazione.cai.it\/sez-catanzaro\/wp-content\/uploads\/sites\/116\/2025\/05\/biodiversita-2025-tam-calabria-1081x720.webp 1081w, https:\/\/organizzazione.cai.it\/sez-catanzaro\/wp-content\/uploads\/sites\/116\/2025\/05\/biodiversita-2025-tam-calabria-768x512.webp 768w, https:\/\/organizzazione.cai.it\/sez-catanzaro\/wp-content\/uploads\/sites\/116\/2025\/05\/biodiversita-2025-tam-calabria-1536x1023.webp 1536w, https:\/\/organizzazione.cai.it\/sez-catanzaro\/wp-content\/uploads\/sites\/116\/2025\/05\/biodiversita-2025-tam-calabria.webp 2020w\" sizes=\"(max-width: 1621px) 100vw, 1621px\" \/><\/figure>\n","protected":false},"excerpt":{"rendered":"<p>Il comunicato della Commissione Centrale Tutela Ambiente Montano La Commissione Centrale Tutela Ambiente Montano, in occasione di questa ricorrenza, ritiene proficuo per l\u2019intera realt\u00e0 associativa del Club Alpino Italiano, associazione [&hellip;]<\/p>\n","protected":false},"author":1,"featured_media":1923,"comment_status":"closed","ping_status":"closed","sticky":false,"template":"","format":"standard","meta":{"footnotes":""},"categories":[5],"tags":[],"_links":{"self":[{"href":"https:\/\/organizzazione.cai.it\/sez-catanzaro\/wp-json\/wp\/v2\/posts\/1922"}],"collection":[{"href":"https:\/\/organizzazione.cai.it\/sez-catanzaro\/wp-json\/wp\/v2\/posts"}],"about":[{"href":"https:\/\/organizzazione.cai.it\/sez-catanzaro\/wp-json\/wp\/v2\/types\/post"}],"author":[{"embeddable":true,"href":"https:\/\/organizzazione.cai.it\/sez-catanzaro\/wp-json\/wp\/v2\/users\/1"}],"replies":[{"embeddable":true,"href":"https:\/\/organizzazione.cai.it\/sez-catanzaro\/wp-json\/wp\/v2\/comments?post=1922"}],"version-history":[{"count":2,"href":"https:\/\/organizzazione.cai.it\/sez-catanzaro\/wp-json\/wp\/v2\/posts\/1922\/revisions"}],"predecessor-version":[{"id":1925,"href":"https:\/\/organizzazione.cai.it\/sez-catanzaro\/wp-json\/wp\/v2\/posts\/1922\/revisions\/1925"}],"wp:featuredmedia":[{"embeddable":true,"href":"https:\/\/organizzazione.cai.it\/sez-catanzaro\/wp-json\/wp\/v2\/media\/1923"}],"wp:attachment":[{"href":"https:\/\/organizzazione.cai.it\/sez-catanzaro\/wp-json\/wp\/v2\/media?parent=1922"}],"wp:term":[{"taxonomy":"category","embeddable":true,"href":"https:\/\/organizzazione.cai.it\/sez-catanzaro\/wp-json\/wp\/v2\/categories?post=1922"},{"taxonomy":"post_tag","embeddable":true,"href":"https:\/\/organizzazione.cai.it\/sez-catanzaro\/wp-json\/wp\/v2\/tags?post=1922"}],"curies":[{"name":"wp","href":"https:\/\/api.w.org\/{rel}","templated":true}]}}