{"id":2539,"date":"2025-07-07T20:02:17","date_gmt":"2025-07-07T20:02:17","guid":{"rendered":"https:\/\/organizzazione.cai.it\/sez-catanzaro\/?p=2539"},"modified":"2025-07-07T20:08:50","modified_gmt":"2025-07-07T20:08:50","slug":"il-sentiero-frassati-in-calabria","status":"publish","type":"post","link":"https:\/\/organizzazione.cai.it\/sez-catanzaro\/2025\/07\/il-sentiero-frassati-in-calabria\/","title":{"rendered":"Il Sentiero Frassati in Calabria"},"content":{"rendered":"\n<p class=\"has-contrast-2-color has-azzurro-chiaro-background-color has-text-color has-background has-link-color has-medium-font-size wp-elements-a72061d9f18181ee380e0f3229cd3dfb\"><strong>Sono nati tra il 1996 e il 2012,<\/strong> uno per regione d\u2019Italia, e sono <strong>oggi ventidue.<\/strong> Sono i sentieri dedicati dal <strong>Club Alpino Italiano al beato Piergiorgio Frassati<\/strong>, morto il 4 Luglio di cento anni fa. A ventiquattro anni, dopo un vita breve ma dedicata intensamente a testimoniare l\u2019amore per il prossimo. E soprattutto l\u2019amore verso gli ultimi, che in quel tempo erano larga maggioranza. Amava la montagna e <strong>per questo il Club Alpino Italiano lo annovera tra i suoi Soci. <\/strong>Ieri ho percorso il <strong>sentiero Frassati della Calabria,<\/strong> che parte dalla <strong>Certosa di Serra San Bruno<\/strong>, raggiunge <strong>Mongiana<\/strong>, e fa ritorno alla <strong>Certosa<\/strong>. Uno dei primi, nato nel 1998, grazie all\u2019impegno del CAI, del Corpo Forestale dello Stato, dell\u2019AGESCI. Un percorso assai lungo, mediamente impegnativo, per nulla banale. Non era la prima volta, eppure <strong>rimarr\u00e0 impresso nel mio profondo<\/strong>. Alla partenza abbiamo trovato ad attenderci <strong>Dom Ignazio, priore della Certosa. <\/strong>Ha dato la sua benedizione, dopo averci ricordato che un cammino non \u00e8 solo un atto fisico, ma anche un\u2019esperienza spirituale. Nella quale ci misuriamo con le nostre fragilit\u00e0, e tra queste la fatica. Poche parole, che insieme alla sua benedizione, <strong>mi hanno profondamente commosso.<\/strong> E accompagnato per otto ore e ventidue chilometri, e per un tratto sotto la pioggia battente. Cammino da decenni, e avrei voluto camminare di pi\u00f9. Non me l\u2019ha consentito il lavoro, che mi ha occupato direttamente e indirettamente per ventiquattro ore al giorno. Non me l\u2019ha consentito la famiglia, in vetta alle mie priorit\u00e0. E tanto basta. <strong>Tuttavia con il tempo ho compreso perch\u00e9 cammino in montagna<\/strong>, quando mi \u00e8 possibile. E\u2019 un\u2019esigenza dello spirito. E come tale da amministrare con parsimonia, senza cadere nella dipendenza dal gesto atletico e nella compulsione a raggiungere una cima, una meta, letteralmente ad ogni pi\u00e8 sospinto. Rimanda alla etimologia di escursione, ex currere, correre fuori. Uscire dalla quotidianit\u00e0 e dai suoi condizionamenti anestetizzanti. Lasciare le vie sicure e ben segnalate. Avventurarsi laddove nessuno passa, perch\u00e9 non \u00e8 necessario. <strong>Levar via la polvere che ricopre la superficie della nostra vita.<\/strong> Tra cielo e terra puoi lasciare affiorare sentimenti e riflessioni. Puoi misurarti, come saggiamente ha detto <strong>Dom Ignazio<\/strong>, con fragilit\u00e0 e insicurezze. Poi fai rapidamente ritorno a casa, forse cambiato. Perch\u00e9 ti sei ri-conosciuto, perch\u00e9 hai attinto a risorse sopite, perch\u00e9 qualcosa \u00e8 divenuta pi\u00f9 chiara. <strong>E se non hai camminato da solo<\/strong>, qualche aiuto \u00e8 venuto dalla <strong>condivisione dei propri passi con i passi<\/strong> altrui. Dalla condivisione delle difficolt\u00e0. Da una momentanea situazione di parit\u00e0, in cui vengono meno titoli e prebende, e ci accomuna un obiettivo. Sicch\u00e8 l<strong>a vera meta del cammino<\/strong> \u00e8, per chi lo comprende, aver dato un\u2019occhiata dentro noi stessi, in un raro momento di libert\u00e0 dello spirito. <strong>Leggere non solo il paesaggio<\/strong>, ma comprendere che le sue forme e i suoi colori sono metafora del nostro animo. Del nostro paesaggio interiore. Della complessit\u00e0 dei nostri sentimenti. Il cammino per monti, attraverso la fatica, talvolta la sofferenza, pu\u00f2 riorientare quei sentimenti. Pu\u00f2 divenire esperienza dello spirito, riducendo la distanza tra il quotidiano e i valori profondi ai quali ambire. E\u2019 pomeriggio pieno quando mi lascio alle spalle i <strong>boschi tra Mongiana e Serra San Bruno <\/strong>e davanti a me si allineano i torrioni dei muri di cinta della <strong>Certosa<\/strong>, con la statua di San Michele che si staglia contro il cielo. E\u2019 stato faticoso, e la fatica mi ha avvicinato a me stesso. <strong>Grazie Dom Ignazio, per le sue preziose parole.<\/strong><\/p>\n\n\n\n<p class=\"has-text-align-right has-contrast-2-color has-grigio-chiaro-background-color has-text-color has-background has-link-color has-medium-font-size wp-elements-18e23951fdac9782e2792af522e6d643\"><em>Piergiorgio Iannaccaro &#8211; Presidente Cai Catanzaro<\/em><\/p>\n\n\n\n<figure class=\"wp-block-gallery has-nested-images columns-default is-cropped wp-block-gallery-1 is-layout-flex wp-block-gallery-is-layout-flex\">\n<figure class=\"wp-block-image size-large\"><img loading=\"lazy\" decoding=\"async\" width=\"1887\" height=\"1080\" data-id=\"2540\" src=\"https:\/\/organizzazione.cai.it\/sez-catanzaro\/wp-content\/uploads\/sites\/116\/2025\/07\/516540049_24233674069559979_1056550579662476579_n-1887x1080.webp\" alt=\"- CAI\" class=\"wp-image-2540\" title=\"\" srcset=\"https:\/\/organizzazione.cai.it\/sez-catanzaro\/wp-content\/uploads\/sites\/116\/2025\/07\/516540049_24233674069559979_1056550579662476579_n-1887x1080.webp 1887w, https:\/\/organizzazione.cai.it\/sez-catanzaro\/wp-content\/uploads\/sites\/116\/2025\/07\/516540049_24233674069559979_1056550579662476579_n-1258x720.webp 1258w, https:\/\/organizzazione.cai.it\/sez-catanzaro\/wp-content\/uploads\/sites\/116\/2025\/07\/516540049_24233674069559979_1056550579662476579_n-768x440.webp 768w, https:\/\/organizzazione.cai.it\/sez-catanzaro\/wp-content\/uploads\/sites\/116\/2025\/07\/516540049_24233674069559979_1056550579662476579_n-1536x879.webp 1536w, https:\/\/organizzazione.cai.it\/sez-catanzaro\/wp-content\/uploads\/sites\/116\/2025\/07\/516540049_24233674069559979_1056550579662476579_n.webp 2048w\" sizes=\"(max-width: 1887px) 100vw, 1887px\" \/><\/figure>\n<\/figure>\n\n\n\n<figure class=\"wp-block-gallery has-nested-images columns-default is-cropped wp-block-gallery-2 is-layout-flex wp-block-gallery-is-layout-flex\">\n<figure class=\"wp-block-image size-large\"><img loading=\"lazy\" decoding=\"async\" width=\"1440\" height=\"1080\" data-id=\"2541\" src=\"https:\/\/organizzazione.cai.it\/sez-catanzaro\/wp-content\/uploads\/sites\/116\/2025\/07\/515900675_24233676122893107_3155411617218052890_n-1440x1080.webp\" alt=\"- CAI\" class=\"wp-image-2541\" title=\"\" srcset=\"https:\/\/organizzazione.cai.it\/sez-catanzaro\/wp-content\/uploads\/sites\/116\/2025\/07\/515900675_24233676122893107_3155411617218052890_n-1440x1080.webp 1440w, https:\/\/organizzazione.cai.it\/sez-catanzaro\/wp-content\/uploads\/sites\/116\/2025\/07\/515900675_24233676122893107_3155411617218052890_n-960x720.webp 960w, https:\/\/organizzazione.cai.it\/sez-catanzaro\/wp-content\/uploads\/sites\/116\/2025\/07\/515900675_24233676122893107_3155411617218052890_n-768x576.webp 768w, https:\/\/organizzazione.cai.it\/sez-catanzaro\/wp-content\/uploads\/sites\/116\/2025\/07\/515900675_24233676122893107_3155411617218052890_n-1536x1152.webp 1536w, https:\/\/organizzazione.cai.it\/sez-catanzaro\/wp-content\/uploads\/sites\/116\/2025\/07\/515900675_24233676122893107_3155411617218052890_n.webp 2048w\" sizes=\"(max-width: 1440px) 100vw, 1440px\" \/><\/figure>\n<\/figure>\n\n\n\n<figure class=\"wp-block-gallery has-nested-images columns-default is-cropped wp-block-gallery-3 is-layout-flex wp-block-gallery-is-layout-flex\">\n<figure class=\"wp-block-image size-large\"><img loading=\"lazy\" decoding=\"async\" width=\"1440\" height=\"1080\" data-id=\"2542\" src=\"https:\/\/organizzazione.cai.it\/sez-catanzaro\/wp-content\/uploads\/sites\/116\/2025\/07\/517018892_24233674889559897_3952796952118064911_n-1440x1080.webp\" alt=\"- CAI\" class=\"wp-image-2542\" title=\"\" srcset=\"https:\/\/organizzazione.cai.it\/sez-catanzaro\/wp-content\/uploads\/sites\/116\/2025\/07\/517018892_24233674889559897_3952796952118064911_n-1440x1080.webp 1440w, https:\/\/organizzazione.cai.it\/sez-catanzaro\/wp-content\/uploads\/sites\/116\/2025\/07\/517018892_24233674889559897_3952796952118064911_n-960x720.webp 960w, https:\/\/organizzazione.cai.it\/sez-catanzaro\/wp-content\/uploads\/sites\/116\/2025\/07\/517018892_24233674889559897_3952796952118064911_n-768x576.webp 768w, https:\/\/organizzazione.cai.it\/sez-catanzaro\/wp-content\/uploads\/sites\/116\/2025\/07\/517018892_24233674889559897_3952796952118064911_n-1536x1152.webp 1536w, https:\/\/organizzazione.cai.it\/sez-catanzaro\/wp-content\/uploads\/sites\/116\/2025\/07\/517018892_24233674889559897_3952796952118064911_n.webp 2048w\" sizes=\"(max-width: 1440px) 100vw, 1440px\" \/><\/figure>\n<\/figure>\n","protected":false},"excerpt":{"rendered":"<p>Sono nati tra il 1996 e il 2012, uno per regione d\u2019Italia, e sono oggi ventidue. Sono i sentieri dedicati dal Club Alpino Italiano al beato Piergiorgio Frassati, morto il [&hellip;]<\/p>\n","protected":false},"author":1,"featured_media":2542,"comment_status":"closed","ping_status":"closed","sticky":false,"template":"","format":"standard","meta":{"footnotes":""},"categories":[9],"tags":[],"_links":{"self":[{"href":"https:\/\/organizzazione.cai.it\/sez-catanzaro\/wp-json\/wp\/v2\/posts\/2539"}],"collection":[{"href":"https:\/\/organizzazione.cai.it\/sez-catanzaro\/wp-json\/wp\/v2\/posts"}],"about":[{"href":"https:\/\/organizzazione.cai.it\/sez-catanzaro\/wp-json\/wp\/v2\/types\/post"}],"author":[{"embeddable":true,"href":"https:\/\/organizzazione.cai.it\/sez-catanzaro\/wp-json\/wp\/v2\/users\/1"}],"replies":[{"embeddable":true,"href":"https:\/\/organizzazione.cai.it\/sez-catanzaro\/wp-json\/wp\/v2\/comments?post=2539"}],"version-history":[{"count":2,"href":"https:\/\/organizzazione.cai.it\/sez-catanzaro\/wp-json\/wp\/v2\/posts\/2539\/revisions"}],"predecessor-version":[{"id":2544,"href":"https:\/\/organizzazione.cai.it\/sez-catanzaro\/wp-json\/wp\/v2\/posts\/2539\/revisions\/2544"}],"wp:featuredmedia":[{"embeddable":true,"href":"https:\/\/organizzazione.cai.it\/sez-catanzaro\/wp-json\/wp\/v2\/media\/2542"}],"wp:attachment":[{"href":"https:\/\/organizzazione.cai.it\/sez-catanzaro\/wp-json\/wp\/v2\/media?parent=2539"}],"wp:term":[{"taxonomy":"category","embeddable":true,"href":"https:\/\/organizzazione.cai.it\/sez-catanzaro\/wp-json\/wp\/v2\/categories?post=2539"},{"taxonomy":"post_tag","embeddable":true,"href":"https:\/\/organizzazione.cai.it\/sez-catanzaro\/wp-json\/wp\/v2\/tags?post=2539"}],"curies":[{"name":"wp","href":"https:\/\/api.w.org\/{rel}","templated":true}]}}