{"id":4008,"date":"2025-12-04T09:31:15","date_gmt":"2025-12-04T09:31:15","guid":{"rendered":"https:\/\/organizzazione.cai.it\/sez-catanzaro\/?p=4008"},"modified":"2025-12-04T09:33:56","modified_gmt":"2025-12-04T09:33:56","slug":"6-7-dicembre-le-attivita-del-club-alpino-italiano-nelle-aree-protette-della-calabria","status":"publish","type":"post","link":"https:\/\/organizzazione.cai.it\/sez-catanzaro\/2025\/12\/6-7-dicembre-le-attivita-del-club-alpino-italiano-nelle-aree-protette-della-calabria\/","title":{"rendered":"Sabato 6 e domenica 7 Dicembre evento: &#8220;Le attivit\u00e0 del Club Alpino Italiano nelle aree protette della Calabria&#8221; con la presenza del Presidente Generale del Club Alpino Italiano Antonio Montani"},"content":{"rendered":"\n<p class=\"has-medium-font-size\"><strong>Sabato 6 e domenica 7 dicembre<\/strong> 2025 avr\u00e0 luogo a <strong>Castrovillari,<\/strong> un evento di grande rilevanza <strong>&#8220;Le attivit\u00e0 del Club Alpino Italiano nelle aree protette della Calabria&#8221;.<\/strong> Organizzata dalla Sezione CAI di Castrovillari in sinergia con il <strong>Gruppo Regionale Calabria<\/strong> e con il supporto di enti territoriali e parchi nazionali, metter\u00e0 al centro dell&#8217;attenzione il legame tra le attivit\u00e0 del Club Alpino e la <strong>valorizzazione delle aree naturali protette della regione. <\/strong><\/p>\n\n\n\n<p class=\"has-medium-font-size\">Il programma prevede come momento cardine un incontro di approfondimento <strong>sabato 6 dicembre alle ore 17:00<\/strong>, che si svolger\u00e0 nella S<strong>ala Consiliare del Comune di Castrovillari.<\/strong> L&#8217;incontro si aprir\u00e0 con i saluti istituzionali da parte del <strong>sindaco Domenico Lo Polito<\/strong>, del <strong>presidente del CAI Calabria Giuseppe Greco <\/strong>e della <strong>presidente della sezione CAI di Castrovillari, Carla Primavera.<\/strong> Seguir\u00e0 una serie di interventi finalizzati a fare il punto sullo stato attuale delle attivit\u00e0 escursionistiche e della rete sentieristica regionale. Tra le presentazioni gi\u00e0 confermate vi sar\u00e0 una <strong>relazione introduttiva sul ruolo e l&#8217;impegno del Club Alpino Italiano in Calabria<\/strong>, un aggiornamento dettagliato sulla<strong> manutenzione<\/strong> e lo <strong>sviluppo della rete sentieristica regionale <\/strong>a cura di <strong>Marco Garcea, presidente della SEC Calabria<\/strong> (Sentieri e Cartografia Calabria), una riflessione sull&#8217;<strong>escursionismo calabrese<\/strong> proposta dal <strong>vicepresidente dell\u2019OTTO Calabria-Sicilia Luigi Patitucci. <\/strong><\/p>\n\n\n\n<p class=\"has-medium-font-size\">Inoltre, si terr\u00e0 la <strong>presentazione del progetto Falesia<\/strong> Acqua Rossa di Cerchiara di Calabria, <strong>curata da Giovanni Vancieri,<\/strong> che mostrer\u00e0 le potenzialit\u00e0 sportive e turistiche di questa nuova iniziativa. All&#8217;interno della sessione degli interventi, un ruolo importante sar\u00e0 affidato ai rappresentanti dei principali parchi naturali della Calabria. <strong>Interverranno<\/strong> infatti <strong>Renato Carullo per il Parco Nazionale dell\u2019Aspromonte<\/strong>, <strong>Liborio Bloise per il Parco Nazionale della Sila<\/strong>,<strong> Luigi Lirangi per il Parco Nazionale del Pollino<\/strong> e <strong>Alfonso Grillo per il Parco Naturale Regionale delle Serre<\/strong>. <\/p>\n\n\n\n<p class=\"has-medium-font-size\">A completare il quadro si aggiungeranno i contributi di <strong>Domenico Pappaterra, presidente del GAL Pollino<\/strong>, e <strong>Giovanni Aramini, dirigente del Settore Parchi della Regione Calabria.<\/strong> Le riflessioni conclusive saranno curate da figure di rilievo nazionale nel panorama del Club Alpino Italiano, quali <strong>Giacomo Benedetti, vicepresidente generale del CAI,<\/strong> e <strong>Franco Capitanio, consigliere centrale CAI<\/strong>, mentre la chiusura ufficiale sar\u00e0 affidata ad <strong>Antonio Montani, presidente generale del Club Alpino Italiano.<\/strong> La manifestazione continuer\u00e0 poi <strong>domenica 7 dicembre <\/strong>con un momento particolarmente significativo: alle ore 9:30 \u00e8 prevista l\u2019i<strong>naugurazione della Falesia Acqua Rossa a Cerchiara di Calabria<\/strong>, evento che rappresenta uno degli obiettivi pi\u00f9 concreti dei progetti illustrati durante l\u2019incontro e sar\u00e0 l\u2019occasione per celebrare l\u2019apertura ufficiale di una <strong>nuova area destinata alla pratica dell\u2019arrampicata<\/strong>. L\u2019iniziativa rappresenta non solo un\u2019occasione per riflettere sull&#8217;importanza dell\u2019escursionismo e delle aree protette in Calabria, ma anche un momento di dialogo tra istituzioni locali, operatori e appassionati della montagna, con l&#8217;obiettivo di valorizzare un territorio ricco di potenzialit\u00e0 naturalistiche e culturali.<\/p>\n\n\n\n<figure class=\"wp-block-image aligncenter size-large\"><img loading=\"lazy\" decoding=\"async\" width=\"763\" height=\"1080\" src=\"https:\/\/organizzazione.cai.it\/sez-catanzaro\/wp-content\/uploads\/sites\/116\/2025\/12\/locandina-evento-763x1080.webp\" alt=\"- CAI\" class=\"wp-image-4010\" title=\"\" srcset=\"https:\/\/organizzazione.cai.it\/sez-catanzaro\/wp-content\/uploads\/sites\/116\/2025\/12\/locandina-evento-763x1080.webp 763w, https:\/\/organizzazione.cai.it\/sez-catanzaro\/wp-content\/uploads\/sites\/116\/2025\/12\/locandina-evento-509x720.webp 509w, https:\/\/organizzazione.cai.it\/sez-catanzaro\/wp-content\/uploads\/sites\/116\/2025\/12\/locandina-evento-768x1086.webp 768w, https:\/\/organizzazione.cai.it\/sez-catanzaro\/wp-content\/uploads\/sites\/116\/2025\/12\/locandina-evento-1086x1536.webp 1086w, https:\/\/organizzazione.cai.it\/sez-catanzaro\/wp-content\/uploads\/sites\/116\/2025\/12\/locandina-evento.webp 1131w\" sizes=\"(max-width: 763px) 100vw, 763px\" \/><\/figure>\n","protected":false},"excerpt":{"rendered":"<p>Sabato 6 e domenica 7 dicembre 2025 avr\u00e0 luogo a Castrovillari, un evento di grande rilevanza &#8220;Le attivit\u00e0 del Club Alpino Italiano nelle aree protette della Calabria&#8221;. Organizzata dalla Sezione [&hellip;]<\/p>\n","protected":false},"author":1,"featured_media":4010,"comment_status":"closed","ping_status":"closed","sticky":false,"template":"","format":"standard","meta":{"footnotes":""},"categories":[4],"tags":[],"_links":{"self":[{"href":"https:\/\/organizzazione.cai.it\/sez-catanzaro\/wp-json\/wp\/v2\/posts\/4008"}],"collection":[{"href":"https:\/\/organizzazione.cai.it\/sez-catanzaro\/wp-json\/wp\/v2\/posts"}],"about":[{"href":"https:\/\/organizzazione.cai.it\/sez-catanzaro\/wp-json\/wp\/v2\/types\/post"}],"author":[{"embeddable":true,"href":"https:\/\/organizzazione.cai.it\/sez-catanzaro\/wp-json\/wp\/v2\/users\/1"}],"replies":[{"embeddable":true,"href":"https:\/\/organizzazione.cai.it\/sez-catanzaro\/wp-json\/wp\/v2\/comments?post=4008"}],"version-history":[{"count":4,"href":"https:\/\/organizzazione.cai.it\/sez-catanzaro\/wp-json\/wp\/v2\/posts\/4008\/revisions"}],"predecessor-version":[{"id":4015,"href":"https:\/\/organizzazione.cai.it\/sez-catanzaro\/wp-json\/wp\/v2\/posts\/4008\/revisions\/4015"}],"wp:featuredmedia":[{"embeddable":true,"href":"https:\/\/organizzazione.cai.it\/sez-catanzaro\/wp-json\/wp\/v2\/media\/4010"}],"wp:attachment":[{"href":"https:\/\/organizzazione.cai.it\/sez-catanzaro\/wp-json\/wp\/v2\/media?parent=4008"}],"wp:term":[{"taxonomy":"category","embeddable":true,"href":"https:\/\/organizzazione.cai.it\/sez-catanzaro\/wp-json\/wp\/v2\/categories?post=4008"},{"taxonomy":"post_tag","embeddable":true,"href":"https:\/\/organizzazione.cai.it\/sez-catanzaro\/wp-json\/wp\/v2\/tags?post=4008"}],"curies":[{"name":"wp","href":"https:\/\/api.w.org\/{rel}","templated":true}]}}