{"id":4125,"date":"2025-12-16T15:31:07","date_gmt":"2025-12-16T15:31:07","guid":{"rendered":"https:\/\/organizzazione.cai.it\/sez-catanzaro\/?p=4125"},"modified":"2025-12-16T15:31:24","modified_gmt":"2025-12-16T15:31:24","slug":"verso-le-cime-piu-alte","status":"publish","type":"post","link":"https:\/\/organizzazione.cai.it\/sez-catanzaro\/2025\/12\/verso-le-cime-piu-alte\/","title":{"rendered":"Verso le cime pi\u00f9 alte"},"content":{"rendered":"\n<p class=\"has-black-color has-text-color has-link-color has-medium-font-size wp-elements-b3258a912fc58bbce7056a480c3c78ab\"> Un affettuoso addio a <strong>Pierluigi Mancuso.  <\/strong>Ci stringiamo con profonda commozione attorno alla famiglia di Pierluigi, scomparso prematuramente il 10 dicembre 2025. A loro va il nostro pensiero e le pi\u00f9 sincere condoglianze. <strong>Pierluigi Mancuso,<\/strong> nostro stimato socio, ci ha lasciati, proseguendo il suo cammino altrove. Presidente regionale del CAI Calabria, <strong>ha dato un contributo prezioso alla nostra Sezione<\/strong>, partecipando in prima linea all&#8217;organizzazione delle attivit\u00e0 e ricoprendo importanti incarichi dirigenziali all&#8217;interno del Club Alpino Italiano. La sua assenza lascer\u00e0 un grande vuoto, ma il suo ricordo continuer\u00e0 a ispirarci. <\/p>\n\n\n\n<figure class=\"wp-block-image aligncenter size-medium is-resized has-custom-border\"><img loading=\"lazy\" decoding=\"async\" width=\"1280\" height=\"619\" src=\"https:\/\/organizzazione.cai.it\/sez-catanzaro\/wp-content\/uploads\/sites\/116\/2025\/12\/201804769_10220524493321960_334853281143145652_n-1280x619.webp\" alt=\"- CAI\" class=\"wp-image-4126\" style=\"border-width:26px;object-fit:cover;width:297px;height:251px\" title=\"\" srcset=\"https:\/\/organizzazione.cai.it\/sez-catanzaro\/wp-content\/uploads\/sites\/116\/2025\/12\/201804769_10220524493321960_334853281143145652_n-1280x619.webp 1280w, https:\/\/organizzazione.cai.it\/sez-catanzaro\/wp-content\/uploads\/sites\/116\/2025\/12\/201804769_10220524493321960_334853281143145652_n-768x372.webp 768w, https:\/\/organizzazione.cai.it\/sez-catanzaro\/wp-content\/uploads\/sites\/116\/2025\/12\/201804769_10220524493321960_334853281143145652_n-1536x743.webp 1536w, https:\/\/organizzazione.cai.it\/sez-catanzaro\/wp-content\/uploads\/sites\/116\/2025\/12\/201804769_10220524493321960_334853281143145652_n.webp 1600w\" sizes=\"(max-width: 1280px) 100vw, 1280px\" \/><\/figure>\n","protected":false},"excerpt":{"rendered":"<p>Un affettuoso addio a Pierluigi Mancuso. Ci stringiamo con profonda commozione attorno alla famiglia di Pierluigi, scomparso prematuramente il 10 dicembre 2025. A loro va il nostro pensiero e le [&hellip;]<\/p>\n","protected":false},"author":1,"featured_media":4126,"comment_status":"closed","ping_status":"closed","sticky":false,"template":"","format":"standard","meta":{"footnotes":""},"categories":[4],"tags":[],"_links":{"self":[{"href":"https:\/\/organizzazione.cai.it\/sez-catanzaro\/wp-json\/wp\/v2\/posts\/4125"}],"collection":[{"href":"https:\/\/organizzazione.cai.it\/sez-catanzaro\/wp-json\/wp\/v2\/posts"}],"about":[{"href":"https:\/\/organizzazione.cai.it\/sez-catanzaro\/wp-json\/wp\/v2\/types\/post"}],"author":[{"embeddable":true,"href":"https:\/\/organizzazione.cai.it\/sez-catanzaro\/wp-json\/wp\/v2\/users\/1"}],"replies":[{"embeddable":true,"href":"https:\/\/organizzazione.cai.it\/sez-catanzaro\/wp-json\/wp\/v2\/comments?post=4125"}],"version-history":[{"count":1,"href":"https:\/\/organizzazione.cai.it\/sez-catanzaro\/wp-json\/wp\/v2\/posts\/4125\/revisions"}],"predecessor-version":[{"id":4127,"href":"https:\/\/organizzazione.cai.it\/sez-catanzaro\/wp-json\/wp\/v2\/posts\/4125\/revisions\/4127"}],"wp:featuredmedia":[{"embeddable":true,"href":"https:\/\/organizzazione.cai.it\/sez-catanzaro\/wp-json\/wp\/v2\/media\/4126"}],"wp:attachment":[{"href":"https:\/\/organizzazione.cai.it\/sez-catanzaro\/wp-json\/wp\/v2\/media?parent=4125"}],"wp:term":[{"taxonomy":"category","embeddable":true,"href":"https:\/\/organizzazione.cai.it\/sez-catanzaro\/wp-json\/wp\/v2\/categories?post=4125"},{"taxonomy":"post_tag","embeddable":true,"href":"https:\/\/organizzazione.cai.it\/sez-catanzaro\/wp-json\/wp\/v2\/tags?post=4125"}],"curies":[{"name":"wp","href":"https:\/\/api.w.org\/{rel}","templated":true}]}}