{"id":516,"date":"2025-01-25T14:21:12","date_gmt":"2025-01-25T14:21:12","guid":{"rendered":"https:\/\/organizzazione.cai.it\/sez-catanzaro\/?p=516"},"modified":"2025-01-25T16:05:22","modified_gmt":"2025-01-25T16:05:22","slug":"venerdi-culturali-al-cai-catanzaro-una-salita-al-monviso-lettera-di-quintino-sella-a-bartolomeo-gastaldi-di-felice-foresta","status":"publish","type":"post","link":"https:\/\/organizzazione.cai.it\/sez-catanzaro\/2025\/01\/venerdi-culturali-al-cai-catanzaro-una-salita-al-monviso-lettera-di-quintino-sella-a-bartolomeo-gastaldi-di-felice-foresta\/","title":{"rendered":"Venerd\u00ec culturali al CAI Catanzaro: &#8220;Una salita al Monviso ~ lettera di Quintino Sella a Bartolomeo Gastaldi\u201d"},"content":{"rendered":"\n<p>Serata di vento a Catanzaro, che pare di stare in cima. E, in cima, ci salgo veramente.<br>Perch\u00e9, stasera, c\u2019\u00e8 un pezzo di Calabria anche sul Monviso.<br>\u00c8 quella di Giovanni Barracco, alpinista, parlamentare, mecenate nato a Isola di Capo Rizzuto nel 1829.<br>\u00c8 quella venuta a galla, stasera, in un evento straordinario organizzato dal<br>Club Alpino Italiano Sezione di Catanzaro,<br>Immagini, teatro, suggestioni, frammenti. E quel senso di appartenenza che \u00e8 solo dei padri della patria.<br>Nelle parole di Quintino Sella c\u2019\u00e8 un mondo. Il particolare e l\u2019universale. L\u2019uomo e la sfida con se stesso. E le vette calabre in onore del suo sodale.<br>Il nome Barracco mi \u00e8 familiare. Anch\u2019io ho la mia vita anteatta legata alla luminosa e feconda campagna isolitana.<br>Giovanni Barracco si stagli\u00f2 da lei con il suo respiro altissimo. Altissimo come le vette raggiunte.<br>Fu, infatti, il primo italiano sulla cima del Montebianco e sulla cima pi\u00f9 alta del Monte Rosa.<br>Quintino Sella lo volle con s\u00e9 per raggiungere anche l\u2019inaccessibile Monviso.<br>E, soprattutto, lo volle con s\u00e9 fra i fondatori del CAI &#8211; Club Alpino Italiano<br><strong>Guglielmo Barracco \u00e8 l\u2019anchorman e il protagonista della serata.<br>\u00c8 un suo nipote.<\/strong><br>La sua emozione \u00e8 tanta, specie quando recupera conchiglie e sedimenti dagli anfratti lussureggianti della memoria.<br>Staresti a sentirlo per ore, ma il tempo \u00e8 una dogana feroce.<br>Ho un moto di rabbia.<br>Una regione che ha nel suo seno un patrimonio culturale cos\u00ec elevato pu\u00f2 accusare la quotidiana emorragia dei suoi giovani?<br>E, quindi, dei suoi talenti?<br>La domanda, senza cadere nella retorica della valigia di cartone ci restituisce un tema che sembra ormai inghiottito dall\u2019oblio.<br>\u00c8 il canto dei nuovi migranti?<br>Quello dipinto da un poeta immenso come Franco Costabile, amico di Ungaretti, e anch\u2019esso ignorato, proprio come Giovanni<br>Barracco, troppo e troppo presto.<br>Purtroppo, si parte per non tornare.<br>Nelle piazze dei paesi delle sere di agosto.<br>Tra i ricordi di una vita che rischia, altrove, di non avere ricordi.<br>E per una terra da fiaba che rischia, per\u00f2, di non avere pi\u00f9 memoria.<br>Come quella aurea e montanara di Giovanni Barracco.<\/p>\n\n\n\n<p>                                                                                            <strong><em>Felice Foresta <\/em><\/strong><\/p>\n\n\n\n<figure class=\"wp-block-gallery has-nested-images columns-default is-cropped wp-block-gallery-1 is-layout-flex wp-block-gallery-is-layout-flex\">\n<figure class=\"wp-block-image size-large\"><img loading=\"lazy\" decoding=\"async\" width=\"1434\" height=\"1080\" data-id=\"517\" src=\"https:\/\/organizzazione.cai.it\/sez-catanzaro\/wp-content\/uploads\/sites\/116\/2025\/01\/1000063858-1434x1080.webp\" alt=\"- CAI\" class=\"wp-image-517\" title=\"\" srcset=\"https:\/\/organizzazione.cai.it\/sez-catanzaro\/wp-content\/uploads\/sites\/116\/2025\/01\/1000063858-1434x1080.webp 1434w, https:\/\/organizzazione.cai.it\/sez-catanzaro\/wp-content\/uploads\/sites\/116\/2025\/01\/1000063858-956x720.webp 956w, https:\/\/organizzazione.cai.it\/sez-catanzaro\/wp-content\/uploads\/sites\/116\/2025\/01\/1000063858-768x578.webp 768w, https:\/\/organizzazione.cai.it\/sez-catanzaro\/wp-content\/uploads\/sites\/116\/2025\/01\/1000063858-1536x1157.webp 1536w, https:\/\/organizzazione.cai.it\/sez-catanzaro\/wp-content\/uploads\/sites\/116\/2025\/01\/1000063858-2048x1542.webp 2048w\" sizes=\"(max-width: 1434px) 100vw, 1434px\" \/><\/figure>\n\n\n\n<figure class=\"wp-block-image size-large\"><img loading=\"lazy\" decoding=\"async\" width=\"1434\" height=\"1080\" data-id=\"519\" src=\"https:\/\/organizzazione.cai.it\/sez-catanzaro\/wp-content\/uploads\/sites\/116\/2025\/01\/1000063859-1434x1080.webp\" alt=\"- CAI\" class=\"wp-image-519\" title=\"\" srcset=\"https:\/\/organizzazione.cai.it\/sez-catanzaro\/wp-content\/uploads\/sites\/116\/2025\/01\/1000063859-1434x1080.webp 1434w, https:\/\/organizzazione.cai.it\/sez-catanzaro\/wp-content\/uploads\/sites\/116\/2025\/01\/1000063859-956x720.webp 956w, https:\/\/organizzazione.cai.it\/sez-catanzaro\/wp-content\/uploads\/sites\/116\/2025\/01\/1000063859-768x578.webp 768w, https:\/\/organizzazione.cai.it\/sez-catanzaro\/wp-content\/uploads\/sites\/116\/2025\/01\/1000063859-1536x1157.webp 1536w, https:\/\/organizzazione.cai.it\/sez-catanzaro\/wp-content\/uploads\/sites\/116\/2025\/01\/1000063859-2048x1542.webp 2048w\" sizes=\"(max-width: 1434px) 100vw, 1434px\" \/><\/figure>\n\n\n\n<figure class=\"wp-block-image size-large\"><img loading=\"lazy\" decoding=\"async\" width=\"1434\" height=\"1080\" data-id=\"522\" src=\"https:\/\/organizzazione.cai.it\/sez-catanzaro\/wp-content\/uploads\/sites\/116\/2025\/01\/1000063860-1434x1080.webp\" alt=\"- CAI\" class=\"wp-image-522\" title=\"\" srcset=\"https:\/\/organizzazione.cai.it\/sez-catanzaro\/wp-content\/uploads\/sites\/116\/2025\/01\/1000063860-1434x1080.webp 1434w, https:\/\/organizzazione.cai.it\/sez-catanzaro\/wp-content\/uploads\/sites\/116\/2025\/01\/1000063860-956x720.webp 956w, https:\/\/organizzazione.cai.it\/sez-catanzaro\/wp-content\/uploads\/sites\/116\/2025\/01\/1000063860-768x578.webp 768w, https:\/\/organizzazione.cai.it\/sez-catanzaro\/wp-content\/uploads\/sites\/116\/2025\/01\/1000063860-1536x1157.webp 1536w, https:\/\/organizzazione.cai.it\/sez-catanzaro\/wp-content\/uploads\/sites\/116\/2025\/01\/1000063860-2048x1542.webp 2048w\" sizes=\"(max-width: 1434px) 100vw, 1434px\" \/><\/figure>\n\n\n\n<figure class=\"wp-block-image size-large\"><img loading=\"lazy\" decoding=\"async\" width=\"813\" height=\"1080\" data-id=\"518\" src=\"https:\/\/organizzazione.cai.it\/sez-catanzaro\/wp-content\/uploads\/sites\/116\/2025\/01\/1000063862-813x1080.webp\" alt=\"- CAI\" class=\"wp-image-518\" title=\"\" srcset=\"https:\/\/organizzazione.cai.it\/sez-catanzaro\/wp-content\/uploads\/sites\/116\/2025\/01\/1000063862-813x1080.webp 813w, https:\/\/organizzazione.cai.it\/sez-catanzaro\/wp-content\/uploads\/sites\/116\/2025\/01\/1000063862-542x720.webp 542w, https:\/\/organizzazione.cai.it\/sez-catanzaro\/wp-content\/uploads\/sites\/116\/2025\/01\/1000063862-768x1020.webp 768w, https:\/\/organizzazione.cai.it\/sez-catanzaro\/wp-content\/uploads\/sites\/116\/2025\/01\/1000063862-1157x1536.webp 1157w, https:\/\/organizzazione.cai.it\/sez-catanzaro\/wp-content\/uploads\/sites\/116\/2025\/01\/1000063862-1542x2048.webp 1542w, https:\/\/organizzazione.cai.it\/sez-catanzaro\/wp-content\/uploads\/sites\/116\/2025\/01\/1000063862-scaled.webp 1928w\" sizes=\"(max-width: 813px) 100vw, 813px\" \/><\/figure>\n\n\n\n<figure class=\"wp-block-image size-large\"><img loading=\"lazy\" decoding=\"async\" width=\"1434\" height=\"1080\" data-id=\"523\" src=\"https:\/\/organizzazione.cai.it\/sez-catanzaro\/wp-content\/uploads\/sites\/116\/2025\/01\/1000063864-1434x1080.webp\" alt=\"- CAI\" class=\"wp-image-523\" title=\"\" srcset=\"https:\/\/organizzazione.cai.it\/sez-catanzaro\/wp-content\/uploads\/sites\/116\/2025\/01\/1000063864-1434x1080.webp 1434w, https:\/\/organizzazione.cai.it\/sez-catanzaro\/wp-content\/uploads\/sites\/116\/2025\/01\/1000063864-956x720.webp 956w, https:\/\/organizzazione.cai.it\/sez-catanzaro\/wp-content\/uploads\/sites\/116\/2025\/01\/1000063864-768x578.webp 768w, https:\/\/organizzazione.cai.it\/sez-catanzaro\/wp-content\/uploads\/sites\/116\/2025\/01\/1000063864-1536x1157.webp 1536w, https:\/\/organizzazione.cai.it\/sez-catanzaro\/wp-content\/uploads\/sites\/116\/2025\/01\/1000063864-2048x1542.webp 2048w\" sizes=\"(max-width: 1434px) 100vw, 1434px\" \/><\/figure>\n<\/figure>\n","protected":false},"excerpt":{"rendered":"<p>Serata di vento a Catanzaro, che pare di stare in cima. E, in cima, ci salgo veramente.Perch\u00e9, stasera, c\u2019\u00e8 un pezzo di Calabria anche sul Monviso.\u00c8 quella di Giovanni Barracco, [&hellip;]<\/p>\n","protected":false},"author":1,"featured_media":518,"comment_status":"closed","ping_status":"closed","sticky":false,"template":"","format":"standard","meta":{"footnotes":""},"categories":[4],"tags":[],"_links":{"self":[{"href":"https:\/\/organizzazione.cai.it\/sez-catanzaro\/wp-json\/wp\/v2\/posts\/516"}],"collection":[{"href":"https:\/\/organizzazione.cai.it\/sez-catanzaro\/wp-json\/wp\/v2\/posts"}],"about":[{"href":"https:\/\/organizzazione.cai.it\/sez-catanzaro\/wp-json\/wp\/v2\/types\/post"}],"author":[{"embeddable":true,"href":"https:\/\/organizzazione.cai.it\/sez-catanzaro\/wp-json\/wp\/v2\/users\/1"}],"replies":[{"embeddable":true,"href":"https:\/\/organizzazione.cai.it\/sez-catanzaro\/wp-json\/wp\/v2\/comments?post=516"}],"version-history":[{"count":4,"href":"https:\/\/organizzazione.cai.it\/sez-catanzaro\/wp-json\/wp\/v2\/posts\/516\/revisions"}],"predecessor-version":[{"id":528,"href":"https:\/\/organizzazione.cai.it\/sez-catanzaro\/wp-json\/wp\/v2\/posts\/516\/revisions\/528"}],"wp:featuredmedia":[{"embeddable":true,"href":"https:\/\/organizzazione.cai.it\/sez-catanzaro\/wp-json\/wp\/v2\/media\/518"}],"wp:attachment":[{"href":"https:\/\/organizzazione.cai.it\/sez-catanzaro\/wp-json\/wp\/v2\/media?parent=516"}],"wp:term":[{"taxonomy":"category","embeddable":true,"href":"https:\/\/organizzazione.cai.it\/sez-catanzaro\/wp-json\/wp\/v2\/categories?post=516"},{"taxonomy":"post_tag","embeddable":true,"href":"https:\/\/organizzazione.cai.it\/sez-catanzaro\/wp-json\/wp\/v2\/tags?post=516"}],"curies":[{"name":"wp","href":"https:\/\/api.w.org\/{rel}","templated":true}]}}