{"id":3456,"date":"2025-04-01T14:37:22","date_gmt":"2025-04-01T14:37:22","guid":{"rendered":"https:\/\/organizzazione.cai.it\/sez-montecchio-maggiore\/?p=3456"},"modified":"2025-04-10T14:53:25","modified_gmt":"2025-04-10T14:53:25","slug":"uscita-gruppo-giovani-12-aprile-sentiero-del-ponale-e-lago-di-ledro","status":"publish","type":"post","link":"https:\/\/organizzazione.cai.it\/sez-montecchio-maggiore\/2025\/04\/uscita-gruppo-giovani-12-aprile-sentiero-del-ponale-e-lago-di-ledro\/","title":{"rendered":"Uscita Gruppo Giovani 12 Aprile, Sentiero del Ponale e Lago di Ledro"},"content":{"rendered":"\n<p>Il sentiero del Ponale collega Riva del Garda alla valle di Ledro. La strada, scavata nella roccia, \u00e8 stata dismessa circa vent&#8217;anni fa dopo la realizzazione della galleria. Dal 2004 \u00e8 stata trasformata in sentiero, dove \u00e8 permesso transitare anche con le biciclette. Per le sue caratteristiche ambientali e storiche \u00e8 uno tra pi\u00f9 belli e conosciuti sentieri  europei. Partiamo dal centro di Riva del Garda e, costeggiando il lago, attraversiamo la strada Gardesana occidentale, seguendo il segnavia D01 in direzione Ledro.<\/p>\n\n\n\n<p>Lasciamo dietro di noi l&#8217;asfalto e ci troviamo subito sul percorso panoramico del Ponale. Dopo due km di leggera salita, scorgiamo sotto di noi la bellissima baia e l&#8217;inizio della Valle di Ledro. Qui il percorso per pedoni e ciclisti si separa. Attraversiamo un ponte e saliamo delle scale che ci portano su una strada forestale. Proseguendo in Val di Ledro, dopo un breve tratto, attraversiamo il paesino di Biacesa. <\/p>\n\n\n\n<p>Attraversiamo quindi la localit\u00e0 Pr\u00e8 di Ledro e saliamo a Molina di Ledro fino a raggiungere l\u2019omonimo lago. Dopo una pausa pranzo vista lago, si rientra per lo stesso percorso dell\u2019andata.<\/p>\n\n\n\n<p>Per maggiori informazioni o per iscrizioni consulta la pagina dedicata al <strong>Gruppo Giovani<\/strong> [<a href=\"https:\/\/organizzazione.cai.it\/sez-montecchio-maggiore\/gruppo-giovani\/\" data-type=\"page\" data-id=\"383\">clicca qui<\/a>] oppure scrivici a <a href=\"mailto:montecchiomaggiore@cai.it\">montecchiomaggiore@cai.it<\/a><\/p>\n\n\n\n<div data-wp-interactive=\"core\/file\" class=\"wp-block-file\"><object data-wp-bind--hidden=\"!state.hasPdfPreview\"  class=\"wp-block-file__embed\" data=\"https:\/\/organizzazione.cai.it\/sez-montecchio-maggiore\/wp-content\/uploads\/sites\/51\/2025\/04\/CAI_Montecchio-Maggiore_GruppoGiovani_SentierodelPonale_LagodiLedro.pdf\" type=\"application\/pdf\" style=\"width:100%;height:600px\" aria-label=\"Incorporamento di Uscita Aprile Gruppo Giovani Sentiero del Ponale e Lago di Ledro.\"><\/object><a id=\"wp-block-file--media-eebc8b37-063f-4487-8bd6-bb6cdd52639b\" href=\"https:\/\/organizzazione.cai.it\/sez-montecchio-maggiore\/wp-content\/uploads\/sites\/51\/2025\/04\/CAI_Montecchio-Maggiore_GruppoGiovani_SentierodelPonale_LagodiLedro.pdf\">Uscita Aprile Gruppo Giovani Sentiero del Ponale e Lago di Ledro<\/a><\/div>\n","protected":false},"excerpt":{"rendered":"<p>Uscita Gruppo Giovani 12 Aprile 2025 nel sentiero del Ponale che collega Riva del Garda alla valle di Ledro<\/p>\n","protected":false},"author":35,"featured_media":3457,"comment_status":"closed","ping_status":"closed","sticky":false,"template":"","format":"standard","meta":{"footnotes":""},"categories":[4],"tags":[],"_links":{"self":[{"href":"https:\/\/organizzazione.cai.it\/sez-montecchio-maggiore\/wp-json\/wp\/v2\/posts\/3456"}],"collection":[{"href":"https:\/\/organizzazione.cai.it\/sez-montecchio-maggiore\/wp-json\/wp\/v2\/posts"}],"about":[{"href":"https:\/\/organizzazione.cai.it\/sez-montecchio-maggiore\/wp-json\/wp\/v2\/types\/post"}],"author":[{"embeddable":true,"href":"https:\/\/organizzazione.cai.it\/sez-montecchio-maggiore\/wp-json\/wp\/v2\/users\/35"}],"replies":[{"embeddable":true,"href":"https:\/\/organizzazione.cai.it\/sez-montecchio-maggiore\/wp-json\/wp\/v2\/comments?post=3456"}],"version-history":[{"count":3,"href":"https:\/\/organizzazione.cai.it\/sez-montecchio-maggiore\/wp-json\/wp\/v2\/posts\/3456\/revisions"}],"predecessor-version":[{"id":3467,"href":"https:\/\/organizzazione.cai.it\/sez-montecchio-maggiore\/wp-json\/wp\/v2\/posts\/3456\/revisions\/3467"}],"wp:featuredmedia":[{"embeddable":true,"href":"https:\/\/organizzazione.cai.it\/sez-montecchio-maggiore\/wp-json\/wp\/v2\/media\/3457"}],"wp:attachment":[{"href":"https:\/\/organizzazione.cai.it\/sez-montecchio-maggiore\/wp-json\/wp\/v2\/media?parent=3456"}],"wp:term":[{"taxonomy":"category","embeddable":true,"href":"https:\/\/organizzazione.cai.it\/sez-montecchio-maggiore\/wp-json\/wp\/v2\/categories?post=3456"},{"taxonomy":"post_tag","embeddable":true,"href":"https:\/\/organizzazione.cai.it\/sez-montecchio-maggiore\/wp-json\/wp\/v2\/tags?post=3456"}],"curies":[{"name":"wp","href":"https:\/\/api.w.org\/{rel}","templated":true}]}}