{"id":3940,"date":"2025-05-19T15:27:58","date_gmt":"2025-05-19T15:27:58","guid":{"rendered":"https:\/\/organizzazione.cai.it\/sez-montecchio-maggiore\/?p=3940"},"modified":"2025-05-19T15:27:58","modified_gmt":"2025-05-19T15:27:58","slug":"lunedi-del-cai-il-26-maggio-ore-21-presso-la-sala-corte-delle-filande-verra-presentato-il-trekking-nepal-ai-campi-base-nord-e-sud-del-kanchenjunga","status":"publish","type":"post","link":"https:\/\/organizzazione.cai.it\/sez-montecchio-maggiore\/2025\/05\/lunedi-del-cai-il-26-maggio-ore-21-presso-la-sala-corte-delle-filande-verra-presentato-il-trekking-nepal-ai-campi-base-nord-e-sud-del-kanchenjunga\/","title":{"rendered":"Luned\u00ec del CAI il 26 Maggio ore 21 presso la Sala Corte delle Filande verr\u00e0 presentato il trekking Nepal ai campi base nord e sud  del Kanchenjunga"},"content":{"rendered":"\n<p>Il nostro socio Bedin Geremia insieme ai suoi compagni\/e  presenter\u00e0 Luned\u00ec 26 maggio ore 21,00 presso la sala Corte delle Filande il trekking fatto in Nepal  da met\u00e0 ottobre a met\u00e0 novembre 2024 , ai campi base nord e sud del Kanchenjunga .<\/p>\n\n\n\n<figure class=\"wp-block-image size-large\"><img loading=\"lazy\" decoding=\"async\" width=\"1746\" height=\"1080\" src=\"https:\/\/organizzazione.cai.it\/sez-montecchio-maggiore\/wp-content\/uploads\/sites\/51\/2025\/05\/trekking-campi-base-kanchenjunga-1746x1080.webp\" alt=\"- CAI\" class=\"wp-image-3941\" title=\"\" srcset=\"https:\/\/organizzazione.cai.it\/sez-montecchio-maggiore\/wp-content\/uploads\/sites\/51\/2025\/05\/trekking-campi-base-kanchenjunga-1746x1080.webp 1746w, https:\/\/organizzazione.cai.it\/sez-montecchio-maggiore\/wp-content\/uploads\/sites\/51\/2025\/05\/trekking-campi-base-kanchenjunga-1164x720.webp 1164w, https:\/\/organizzazione.cai.it\/sez-montecchio-maggiore\/wp-content\/uploads\/sites\/51\/2025\/05\/trekking-campi-base-kanchenjunga-768x475.webp 768w, https:\/\/organizzazione.cai.it\/sez-montecchio-maggiore\/wp-content\/uploads\/sites\/51\/2025\/05\/trekking-campi-base-kanchenjunga-1536x950.webp 1536w, https:\/\/organizzazione.cai.it\/sez-montecchio-maggiore\/wp-content\/uploads\/sites\/51\/2025\/05\/trekking-campi-base-kanchenjunga.webp 1794w\" sizes=\"(max-width: 1746px) 100vw, 1746px\" \/><\/figure>\n\n\n\n<div data-wp-interactive=\"core\/file\" class=\"wp-block-file\"><object data-wp-bind--hidden=\"!state.hasPdfPreview\"  class=\"wp-block-file__embed\" data=\"https:\/\/organizzazione.cai.it\/sez-montecchio-maggiore\/wp-content\/uploads\/sites\/51\/2025\/05\/Lunedi-del-Cai-il-26-Maggio-ore-2100-Sala-Corte-delle-Filande-Verra-Presentato-il-Trekking-ai-campi-base-nord-e-sud-Kanchenjunga-.pdf\" type=\"application\/pdf\" style=\"width:100%;height:600px\" aria-label=\"Incorporamento di Lunedi-del-Cai-il-26-Maggio-ore-2100-Sala-Corte-delle-Filande-Verra-Presentato-il-Trekking-ai-campi-base-nord-e-sud-Kanchenjunga-.\"><\/object><a id=\"wp-block-file--media-fd75d37c-a358-45b2-ae2a-7d6775d9fc2c\" href=\"https:\/\/organizzazione.cai.it\/sez-montecchio-maggiore\/wp-content\/uploads\/sites\/51\/2025\/05\/Lunedi-del-Cai-il-26-Maggio-ore-2100-Sala-Corte-delle-Filande-Verra-Presentato-il-Trekking-ai-campi-base-nord-e-sud-Kanchenjunga-.pdf\">Lunedi-del-Cai-il-26-Maggio-ore-2100-Sala-Corte-delle-Filande-Verra-Presentato-il-Trekking-ai-campi-base-nord-e-sud-Kanchenjunga-<\/a><a href=\"https:\/\/organizzazione.cai.it\/sez-montecchio-maggiore\/wp-content\/uploads\/sites\/51\/2025\/05\/Lunedi-del-Cai-il-26-Maggio-ore-2100-Sala-Corte-delle-Filande-Verra-Presentato-il-Trekking-ai-campi-base-nord-e-sud-Kanchenjunga-.pdf\" class=\"wp-block-file__button wp-element-button\" download aria-describedby=\"wp-block-file--media-fd75d37c-a358-45b2-ae2a-7d6775d9fc2c\">Download<\/a><\/div>\n","protected":false},"excerpt":{"rendered":"<p>Il nostro socio Bedin Geremia insieme ai suoi compagni\/e presenter\u00e0 Luned\u00ec 26 maggio ore 21,00 presso la sala Corte delle Filande il trekking fatto in Nepal da met\u00e0 ottobre a [&hellip;]<\/p>\n","protected":false},"author":35,"featured_media":3941,"comment_status":"closed","ping_status":"closed","sticky":false,"template":"","format":"standard","meta":{"footnotes":""},"categories":[4],"tags":[],"_links":{"self":[{"href":"https:\/\/organizzazione.cai.it\/sez-montecchio-maggiore\/wp-json\/wp\/v2\/posts\/3940"}],"collection":[{"href":"https:\/\/organizzazione.cai.it\/sez-montecchio-maggiore\/wp-json\/wp\/v2\/posts"}],"about":[{"href":"https:\/\/organizzazione.cai.it\/sez-montecchio-maggiore\/wp-json\/wp\/v2\/types\/post"}],"author":[{"embeddable":true,"href":"https:\/\/organizzazione.cai.it\/sez-montecchio-maggiore\/wp-json\/wp\/v2\/users\/35"}],"replies":[{"embeddable":true,"href":"https:\/\/organizzazione.cai.it\/sez-montecchio-maggiore\/wp-json\/wp\/v2\/comments?post=3940"}],"version-history":[{"count":1,"href":"https:\/\/organizzazione.cai.it\/sez-montecchio-maggiore\/wp-json\/wp\/v2\/posts\/3940\/revisions"}],"predecessor-version":[{"id":3943,"href":"https:\/\/organizzazione.cai.it\/sez-montecchio-maggiore\/wp-json\/wp\/v2\/posts\/3940\/revisions\/3943"}],"wp:featuredmedia":[{"embeddable":true,"href":"https:\/\/organizzazione.cai.it\/sez-montecchio-maggiore\/wp-json\/wp\/v2\/media\/3941"}],"wp:attachment":[{"href":"https:\/\/organizzazione.cai.it\/sez-montecchio-maggiore\/wp-json\/wp\/v2\/media?parent=3940"}],"wp:term":[{"taxonomy":"category","embeddable":true,"href":"https:\/\/organizzazione.cai.it\/sez-montecchio-maggiore\/wp-json\/wp\/v2\/categories?post=3940"},{"taxonomy":"post_tag","embeddable":true,"href":"https:\/\/organizzazione.cai.it\/sez-montecchio-maggiore\/wp-json\/wp\/v2\/tags?post=3940"}],"curies":[{"name":"wp","href":"https:\/\/api.w.org\/{rel}","templated":true}]}}