{"id":4102,"date":"2025-06-02T11:51:31","date_gmt":"2025-06-02T11:51:31","guid":{"rendered":"https:\/\/organizzazione.cai.it\/sez-montecchio-maggiore\/?p=4102"},"modified":"2025-06-02T11:57:38","modified_gmt":"2025-06-02T11:57:38","slug":"nuovi-orari-e-giorni-apertura-sede","status":"publish","type":"post","link":"https:\/\/organizzazione.cai.it\/sez-montecchio-maggiore\/2025\/06\/nuovi-orari-e-giorni-apertura-sede\/","title":{"rendered":"Nuovi orari e giorni apertura sede da Giugno a fine Ottobre &#8211; La Segreteria \u00e8 aperta Marted\u00ec dalle 20,30 alle 21,30 &#8211; Per le iscrizioni uscite apertura il marted\u00ec e giovedi dalle 20,30 alle 21,30."},"content":{"rendered":"\n<p>DAL MESE DI GIUGNO A FINE OTTOBRE 2025<\/p>\n\n\n\n<div data-wp-interactive=\"core\/file\" class=\"wp-block-file\"><object data-wp-bind--hidden=\"!state.hasPdfPreview\"  class=\"wp-block-file__embed\" data=\"https:\/\/organizzazione.cai.it\/sez-montecchio-maggiore\/wp-content\/uploads\/sites\/51\/2025\/06\/NUOVI-GIORNI-E-ORARI-APERTURA-SEDE.pdf\" type=\"application\/pdf\" style=\"width:100%;height:600px\" aria-label=\"Incorporamento di NUOVI-GIORNI-E-ORARI-APERTURA-SEDE.\"><\/object><a id=\"wp-block-file--media-1645ab59-420d-44b1-b680-84e4e15a2607\" href=\"https:\/\/organizzazione.cai.it\/sez-montecchio-maggiore\/wp-content\/uploads\/sites\/51\/2025\/06\/NUOVI-GIORNI-E-ORARI-APERTURA-SEDE.pdf\">NUOVI-GIORNI-E-ORARI-APERTURA-SEDE<\/a><a href=\"https:\/\/organizzazione.cai.it\/sez-montecchio-maggiore\/wp-content\/uploads\/sites\/51\/2025\/06\/NUOVI-GIORNI-E-ORARI-APERTURA-SEDE.pdf\" class=\"wp-block-file__button wp-element-button\" download aria-describedby=\"wp-block-file--media-1645ab59-420d-44b1-b680-84e4e15a2607\">Download<\/a><\/div>\n","protected":false},"excerpt":{"rendered":"<p>DAL MESE DI GIUGNO A FINE OTTOBRE 2025<\/p>\n","protected":false},"author":35,"featured_media":4113,"comment_status":"closed","ping_status":"closed","sticky":false,"template":"","format":"standard","meta":{"footnotes":""},"categories":[4],"tags":[],"_links":{"self":[{"href":"https:\/\/organizzazione.cai.it\/sez-montecchio-maggiore\/wp-json\/wp\/v2\/posts\/4102"}],"collection":[{"href":"https:\/\/organizzazione.cai.it\/sez-montecchio-maggiore\/wp-json\/wp\/v2\/posts"}],"about":[{"href":"https:\/\/organizzazione.cai.it\/sez-montecchio-maggiore\/wp-json\/wp\/v2\/types\/post"}],"author":[{"embeddable":true,"href":"https:\/\/organizzazione.cai.it\/sez-montecchio-maggiore\/wp-json\/wp\/v2\/users\/35"}],"replies":[{"embeddable":true,"href":"https:\/\/organizzazione.cai.it\/sez-montecchio-maggiore\/wp-json\/wp\/v2\/comments?post=4102"}],"version-history":[{"count":2,"href":"https:\/\/organizzazione.cai.it\/sez-montecchio-maggiore\/wp-json\/wp\/v2\/posts\/4102\/revisions"}],"predecessor-version":[{"id":4106,"href":"https:\/\/organizzazione.cai.it\/sez-montecchio-maggiore\/wp-json\/wp\/v2\/posts\/4102\/revisions\/4106"}],"wp:featuredmedia":[{"embeddable":true,"href":"https:\/\/organizzazione.cai.it\/sez-montecchio-maggiore\/wp-json\/wp\/v2\/media\/4113"}],"wp:attachment":[{"href":"https:\/\/organizzazione.cai.it\/sez-montecchio-maggiore\/wp-json\/wp\/v2\/media?parent=4102"}],"wp:term":[{"taxonomy":"category","embeddable":true,"href":"https:\/\/organizzazione.cai.it\/sez-montecchio-maggiore\/wp-json\/wp\/v2\/categories?post=4102"},{"taxonomy":"post_tag","embeddable":true,"href":"https:\/\/organizzazione.cai.it\/sez-montecchio-maggiore\/wp-json\/wp\/v2\/tags?post=4102"}],"curies":[{"name":"wp","href":"https:\/\/api.w.org\/{rel}","templated":true}]}}