{"id":9053,"date":"2026-03-30T11:45:47","date_gmt":"2026-03-30T09:45:47","guid":{"rendered":"https:\/\/organizzazione.cai.it\/sez-siena\/?p=9053"},"modified":"2026-04-29T09:24:27","modified_gmt":"2026-04-29T07:24:27","slug":"17-maggio-su-e-giu-per-il-monte-labro-e","status":"publish","type":"post","link":"https:\/\/organizzazione.cai.it\/sez-siena\/2026\/03\/17-maggio-su-e-giu-per-il-monte-labro-e\/","title":{"rendered":"17 MAGGIO &#8211; Su e gi\u00f9 per il Monte Labro E *"},"content":{"rendered":"\n<p>AE Giacomo Gambini (340 8304233) &#8211; Massimo Bianchini (333 5224132)<\/p>\n\n\n\n<p>Questo itinerario si svolge interamente sulle pendici del Monte Labro, all\u2019interno dell\u2019omonima Riserva Naturale. Ci troviamo sul versante Sud-occidentale del Monte Amiata, un territorio di media montagna caratterizzato da rilievi che superano di poco i mille metri di altitudine, come il Monte Labro stesso, che raggiunge i 1190 m. L\u2019area \u00e8 di grande interesse naturalistico, paesaggistico e storico-culturale. Il punto di partenza \u00e8 il Parco Faunistico del Monte Amiata, che promuove attivit\u00e0 didattiche e iniziative di sensibilizzazione dedicate alla conservazione della biodiversit\u00e0 del territorio. Con un po\u2019 di fortuna sar\u00e0 possibile osservare alcune specie animali domestiche, come il cavallo e l\u2019asino amiatino, e selvatiche, come daini, caprioli e cervi, che vivono nel parco in libert\u00e0. Dal Parco Faunistico si salir\u00e0 fino alla sommit\u00e0 del Monte Labro, un luogo<br>26 Il Monte Amiata Programma attivit\u00e0 2026 suggestivo e carico di energia spirituale, legato alla vicenda di Davide Lazzaretti (1834\u20131878), il cosiddetto \u201cSanto Davide\u201d per gli amiatini. Dalla torre dell\u2019Eremo di Lazzaretti, nelle giornate pi\u00f9 limpide, lo sguardo pu\u00f2 spaziare fino alle Alpi Apuane, al Gran Sasso e perfino alla Corsica. <br>Dopo la sosta in vetta, il rientro avverr\u00e0 lungo sentieri diversi rispetto a quelli dell\u2019andata. <\/p>\n\n\n\n<p>Iscrizioni: apertura mercoled\u00ec 29 aprile, chiusura mercoled\u00ec 13 maggio<\/p>\n\n\n\n<p>Contributo da versare al momento dell\u2019iscrizione \u20ac 5<\/p>\n\n\n\n<p><a href=\"https:\/\/organizzazione.cai.it\/sez-siena\/wp-content\/uploads\/sites\/48\/2026\/04\/Locandina-M.-Labro.pdf\">Locandina<\/a><\/p>\n\n\n\n<p><\/p>\n","protected":false},"excerpt":{"rendered":"<p>AE Giacomo Gambini (340 8304233) &#8211; Massimo Bianchini (333 5224132) Questo itinerario si svolge interamente sulle pendici del Monte Labro, all\u2019interno dell\u2019omonima Riserva Naturale. Ci troviamo sul versante Sud-occidentale del [&hellip;]<\/p>\n","protected":false},"author":131,"featured_media":36,"comment_status":"closed","ping_status":"closed","sticky":false,"template":"","format":"standard","meta":{"footnotes":""},"categories":[4],"tags":[],"_links":{"self":[{"href":"https:\/\/organizzazione.cai.it\/sez-siena\/wp-json\/wp\/v2\/posts\/9053"}],"collection":[{"href":"https:\/\/organizzazione.cai.it\/sez-siena\/wp-json\/wp\/v2\/posts"}],"about":[{"href":"https:\/\/organizzazione.cai.it\/sez-siena\/wp-json\/wp\/v2\/types\/post"}],"author":[{"embeddable":true,"href":"https:\/\/organizzazione.cai.it\/sez-siena\/wp-json\/wp\/v2\/users\/131"}],"replies":[{"embeddable":true,"href":"https:\/\/organizzazione.cai.it\/sez-siena\/wp-json\/wp\/v2\/comments?post=9053"}],"version-history":[{"count":2,"href":"https:\/\/organizzazione.cai.it\/sez-siena\/wp-json\/wp\/v2\/posts\/9053\/revisions"}],"predecessor-version":[{"id":9699,"href":"https:\/\/organizzazione.cai.it\/sez-siena\/wp-json\/wp\/v2\/posts\/9053\/revisions\/9699"}],"wp:featuredmedia":[{"embeddable":true,"href":"https:\/\/organizzazione.cai.it\/sez-siena\/wp-json\/wp\/v2\/media\/36"}],"wp:attachment":[{"href":"https:\/\/organizzazione.cai.it\/sez-siena\/wp-json\/wp\/v2\/media?parent=9053"}],"wp:term":[{"taxonomy":"category","embeddable":true,"href":"https:\/\/organizzazione.cai.it\/sez-siena\/wp-json\/wp\/v2\/categories?post=9053"},{"taxonomy":"post_tag","embeddable":true,"href":"https:\/\/organizzazione.cai.it\/sez-siena\/wp-json\/wp\/v2\/tags?post=9053"}],"curies":[{"name":"wp","href":"https:\/\/api.w.org\/{rel}","templated":true}]}}