{"id":9503,"date":"2026-04-20T17:39:58","date_gmt":"2026-04-20T15:39:58","guid":{"rendered":"https:\/\/organizzazione.cai.it\/sez-siena\/?p=9503"},"modified":"2026-04-20T17:40:00","modified_gmt":"2026-04-20T15:40:00","slug":"6-7-giugno-le-vie-lunghe-del-monte-corchia-a","status":"publish","type":"post","link":"https:\/\/organizzazione.cai.it\/sez-siena\/2026\/04\/6-7-giugno-le-vie-lunghe-del-monte-corchia-a\/","title":{"rendered":"6\/ 7 GIUGNO &#8211; Le vie lunghe del Monte Corchia A"},"content":{"rendered":"\n<p>Fine settimana di arrampicata sull\u2019imponente bastionata rocciosa del Monte Corchia, nelle Alpi Apuane, dove sono stati aperti nel corso dei decenni interessanti itinerari alpinistici in chiave classica e moderna: lo Spigolo di Fociomboli, la Erik, la Banda Bailar, la Volpe e la Folaga. L\u2019arrampicata non \u00e8 mai banale, cos\u00ec come la roccia non \u00e8 sempre buona, ma le vie che qui si trovano meritano di essere salite sia per le emozioni che sono in grado di regalare che per l\u2019ambiente nel quale si sviluppano. Le vie presentano una lunghezza media di 150 metri, con molti tiri di quinto grado: indispensabile quindi esperienza di arrampicata su via lunga ed autonomia nella progressione e nelle manovre di corda.<\/p>\n\n\n\n<p>Apertura iscrizioni: luned\u00ec 25 maggio (uscita riservata ad un massimo di 10 Soci).<\/p>\n\n\n\n<p>Organizzatori: ASAG Simona Guerrini (339 5829063) &#8211; Andrea Taddei (335 8025438)<\/p>\n","protected":false},"excerpt":{"rendered":"<p>Fine settimana di arrampicata sull\u2019imponente bastionata rocciosa del Monte Corchia, nelle Alpi Apuane, dove sono stati aperti nel corso dei decenni interessanti itinerari alpinistici in chiave classica e moderna: lo [&hellip;]<\/p>\n","protected":false},"author":131,"featured_media":36,"comment_status":"closed","ping_status":"closed","sticky":false,"template":"","format":"standard","meta":{"footnotes":""},"categories":[4],"tags":[],"_links":{"self":[{"href":"https:\/\/organizzazione.cai.it\/sez-siena\/wp-json\/wp\/v2\/posts\/9503"}],"collection":[{"href":"https:\/\/organizzazione.cai.it\/sez-siena\/wp-json\/wp\/v2\/posts"}],"about":[{"href":"https:\/\/organizzazione.cai.it\/sez-siena\/wp-json\/wp\/v2\/types\/post"}],"author":[{"embeddable":true,"href":"https:\/\/organizzazione.cai.it\/sez-siena\/wp-json\/wp\/v2\/users\/131"}],"replies":[{"embeddable":true,"href":"https:\/\/organizzazione.cai.it\/sez-siena\/wp-json\/wp\/v2\/comments?post=9503"}],"version-history":[{"count":1,"href":"https:\/\/organizzazione.cai.it\/sez-siena\/wp-json\/wp\/v2\/posts\/9503\/revisions"}],"predecessor-version":[{"id":9504,"href":"https:\/\/organizzazione.cai.it\/sez-siena\/wp-json\/wp\/v2\/posts\/9503\/revisions\/9504"}],"wp:featuredmedia":[{"embeddable":true,"href":"https:\/\/organizzazione.cai.it\/sez-siena\/wp-json\/wp\/v2\/media\/36"}],"wp:attachment":[{"href":"https:\/\/organizzazione.cai.it\/sez-siena\/wp-json\/wp\/v2\/media?parent=9503"}],"wp:term":[{"taxonomy":"category","embeddable":true,"href":"https:\/\/organizzazione.cai.it\/sez-siena\/wp-json\/wp\/v2\/categories?post=9503"},{"taxonomy":"post_tag","embeddable":true,"href":"https:\/\/organizzazione.cai.it\/sez-siena\/wp-json\/wp\/v2\/tags?post=9503"}],"curies":[{"name":"wp","href":"https:\/\/api.w.org\/{rel}","templated":true}]}}