{"id":649,"date":"2026-02-09T22:32:56","date_gmt":"2026-02-09T22:32:56","guid":{"rendered":"https:\/\/organizzazione.cai.it\/sez-ule-genova\/?p=649"},"modified":"2026-02-09T22:32:58","modified_gmt":"2026-02-09T22:32:58","slug":"settimana-escursionistica-estiva-a-dobbiaco-23-20-agosto-2026","status":"publish","type":"post","link":"https:\/\/organizzazione.cai.it\/sez-ule-genova\/2026\/02\/settimana-escursionistica-estiva-a-dobbiaco-23-20-agosto-2026\/","title":{"rendered":"Settimana Escursionistica estiva a Dobbiaco &#8211; 23- 20 Agosto 2026"},"content":{"rendered":"\n<h3 class=\"wp-block-heading\">Settimana a Dobbiaco con possibilit\u00e0 di escursioni di varie difficolt\u00e0<\/h3>\n\n\n\n<p>Si allogger\u00e0 alla \u201cCasa per ferie Europa\u201d struttura confortevole recentemente rinnovata a pochi passi dalla stazione di Dobbiaco.<\/p>\n\n\n\n<p>Mezza pensione in camere doppie\/triple con bagno.<\/p>\n\n\n\n<p>Prezzo 600 euro.<\/p>\n\n\n\n<p>Per chi non volesse usare la macchina ottima disponibilit\u00e0 di mezzi pubblici e treno gratuiti.<\/p>\n\n\n\n<p><em>Riservato Soci CAI in regola con rinnovo tessera sociale.<\/em><\/p>\n\n\n\n<p><em>Per l\u2019iscrizione contattare <\/em><em>Paola Picco tel. 3494479315 <\/em><em>ppicco20@gmail.com<\/em><\/p>\n\n\n\n<p><em>Caparra 210 euro subito, saldo entro 7 agosto<\/em><\/p>\n\n\n\n<p><em>IBAN CAI ULE : Banca Sella IT76C0326801400052858480910<\/em><\/p>\n\n\n\n<h3 class=\"wp-block-heading\">Escursioni pianificate<\/h3>\n\n\n\n<h4 class=\"wp-block-heading\">Piano Fiscalina- Rifugio Comici<\/h4>\n\n\n\n<p>Difficolt\u00e0 E, Dislivello 830 m circa, Lunghezza km 13.5,. Altitudine min 1454 m (Piano Fiscalina), max 2224 m (Rifugio Comici).<\/p>\n\n\n\n<p>Nel caso di disponibilit\u00e0 di un socio come co-direttore di gita, si proporr\u00e0 anche l\u2019intero anello:<\/p>\n\n\n\n<p>Piano Fiscalina- Rifugio Locatelli- Rifugio Tre Scarperi (Val Campo di Dentro) Diffi. E, Dislivello 980 m<\/p>\n\n\n\n<h4 class=\"wp-block-heading\">Passo Monte Croce Comelico \u2013 Malga Nemes-Passo Silvella &#8211; Malga Coltrondo<\/h4>\n\n\n\n<p>Difficolt\u00e0 E, Dislivello 600 m<\/p>\n\n\n\n<h4 class=\"wp-block-heading\">S.Uberto- Malga Ra Stua -Rifugio Sennes<\/h4>\n\n\n\n<p>Difficolt\u00e0 E, &#8211; Dislivello 800 m Altitudine minima1450<\/p>\n\n\n\n<h4 class=\"wp-block-heading\">Carbonin -Rifugio Vallandro \u2013 monte Specie- Prato Piazza Ponticello<\/h4>\n\n\n\n<p>Difficolt\u00e0 E, Dislivello 857 metri (590 al Rifugio Vallandro) \u2013 Distanza 20 km Altitudine minima 1450 m. (Carbonin), max 2307 (Monte Specie)- Possibile rientro da Prato Piazza-Ponticello con mezzi pubblici<\/p>\n\n\n\n<h4 class=\"wp-block-heading\">Brunico Messner Mauntain Museum<\/h4>\n\n\n\n<p>attivit\u00e0 turistica (chiuso il martedi) In caso di condizioni meteo incerte si potranno valutare escursioni alternative e poco impegnative &#8211;<\/p>\n\n\n\n<p>Lago di Anterselva \u2013 Passo Stalle Difficolt\u00e0 E Dislivello 400 m<\/p>\n","protected":false},"excerpt":{"rendered":"<p>Settimana a Dobbiaco con possibilit\u00e0 di escursioni di varie difficolt\u00e0 Si allogger\u00e0 alla \u201cCasa per ferie Europa\u201d struttura confortevole recentemente rinnovata a pochi passi dalla stazione di Dobbiaco. Mezza pensione [&hellip;]<\/p>\n","protected":false},"author":500,"featured_media":648,"comment_status":"closed","ping_status":"closed","sticky":false,"template":"","format":"standard","meta":{"footnotes":""},"categories":[30],"tags":[26,41],"_links":{"self":[{"href":"https:\/\/organizzazione.cai.it\/sez-ule-genova\/wp-json\/wp\/v2\/posts\/649"}],"collection":[{"href":"https:\/\/organizzazione.cai.it\/sez-ule-genova\/wp-json\/wp\/v2\/posts"}],"about":[{"href":"https:\/\/organizzazione.cai.it\/sez-ule-genova\/wp-json\/wp\/v2\/types\/post"}],"author":[{"embeddable":true,"href":"https:\/\/organizzazione.cai.it\/sez-ule-genova\/wp-json\/wp\/v2\/users\/500"}],"replies":[{"embeddable":true,"href":"https:\/\/organizzazione.cai.it\/sez-ule-genova\/wp-json\/wp\/v2\/comments?post=649"}],"version-history":[{"count":2,"href":"https:\/\/organizzazione.cai.it\/sez-ule-genova\/wp-json\/wp\/v2\/posts\/649\/revisions"}],"predecessor-version":[{"id":651,"href":"https:\/\/organizzazione.cai.it\/sez-ule-genova\/wp-json\/wp\/v2\/posts\/649\/revisions\/651"}],"wp:featuredmedia":[{"embeddable":true,"href":"https:\/\/organizzazione.cai.it\/sez-ule-genova\/wp-json\/wp\/v2\/media\/648"}],"wp:attachment":[{"href":"https:\/\/organizzazione.cai.it\/sez-ule-genova\/wp-json\/wp\/v2\/media?parent=649"}],"wp:term":[{"taxonomy":"category","embeddable":true,"href":"https:\/\/organizzazione.cai.it\/sez-ule-genova\/wp-json\/wp\/v2\/categories?post=649"},{"taxonomy":"post_tag","embeddable":true,"href":"https:\/\/organizzazione.cai.it\/sez-ule-genova\/wp-json\/wp\/v2\/tags?post=649"}],"curies":[{"name":"wp","href":"https:\/\/api.w.org\/{rel}","templated":true}]}}