{"id":667,"date":"2018-01-22T08:41:30","date_gmt":"2018-01-22T08:41:30","guid":{"rendered":"https:\/\/organizzazione.cai.it\/sez-val-della-torre\/2018\/01\/intersezionale-canavese-e-valli-di-lanzo\/"},"modified":"2018-01-22T08:41:30","modified_gmt":"2018-01-22T08:41:30","slug":"intersezionale-canavese-e-valli-di-lanzo","status":"publish","type":"post","link":"https:\/\/organizzazione.cai.it\/sez-val-della-torre\/2018\/01\/intersezionale-canavese-e-valli-di-lanzo\/","title":{"rendered":"Intersezionale Canavese e Valli di Lanzo"},"content":{"rendered":"<p>&nbsp;<\/p>\n<p>Con l&#8217;inizio del nuovo anno 2018, \u00e8 arrivata una grossa novit\u00e0:<\/p>\n<p>il C.A.I. Sezione di Val della Torre \u00e8 entrato a fare parte dell&#8217;Intersezionale Canavese e Valli di Lanzo.<\/p>\n<p>Lo scopo di questa operazione \u00e8 quello di offrire ai nostri soci una sempre maggiore scelta di attivit\u00e0 a cui partecipare.<\/p>\n<p>&nbsp;<\/p>\n<p>Invitiamo tutti a visitare il sito dell&#8217;Intersezionale per prendere visione dei prossimi appuntamenti.<\/p>\n<p><a href=\"http:\/\/www.caicvl.eu\/\" target=\"_blank\" rel=\"noopener\">CAI Intersezionale CVL<\/a><\/p>\n","protected":false},"excerpt":{"rendered":"<p>&nbsp; Con l&#8217;inizio del nuovo anno 2018, \u00e8 arrivata una grossa novit\u00e0: il C.A.I. Sezione di Val della Torre \u00e8 entrato a fare parte dell&#8217;Intersezionale Canavese e Valli di Lanzo. [&hellip;]<\/p>\n","protected":false},"author":1,"featured_media":36,"comment_status":"closed","ping_status":"open","sticky":false,"template":"","format":"standard","meta":{"footnotes":""},"categories":[11],"tags":[],"_links":{"self":[{"href":"https:\/\/organizzazione.cai.it\/sez-val-della-torre\/wp-json\/wp\/v2\/posts\/667"}],"collection":[{"href":"https:\/\/organizzazione.cai.it\/sez-val-della-torre\/wp-json\/wp\/v2\/posts"}],"about":[{"href":"https:\/\/organizzazione.cai.it\/sez-val-della-torre\/wp-json\/wp\/v2\/types\/post"}],"author":[{"embeddable":true,"href":"https:\/\/organizzazione.cai.it\/sez-val-della-torre\/wp-json\/wp\/v2\/users\/1"}],"replies":[{"embeddable":true,"href":"https:\/\/organizzazione.cai.it\/sez-val-della-torre\/wp-json\/wp\/v2\/comments?post=667"}],"version-history":[{"count":0,"href":"https:\/\/organizzazione.cai.it\/sez-val-della-torre\/wp-json\/wp\/v2\/posts\/667\/revisions"}],"wp:featuredmedia":[{"embeddable":true,"href":"https:\/\/organizzazione.cai.it\/sez-val-della-torre\/wp-json\/wp\/v2\/media\/36"}],"wp:attachment":[{"href":"https:\/\/organizzazione.cai.it\/sez-val-della-torre\/wp-json\/wp\/v2\/media?parent=667"}],"wp:term":[{"taxonomy":"category","embeddable":true,"href":"https:\/\/organizzazione.cai.it\/sez-val-della-torre\/wp-json\/wp\/v2\/categories?post=667"},{"taxonomy":"post_tag","embeddable":true,"href":"https:\/\/organizzazione.cai.it\/sez-val-della-torre\/wp-json\/wp\/v2\/tags?post=667"}],"curies":[{"name":"wp","href":"https:\/\/api.w.org\/{rel}","templated":true}]}}