{"id":2802,"date":"2025-05-27T13:52:17","date_gmt":"2025-05-27T13:52:17","guid":{"rendered":"https:\/\/organizzazione.cai.it\/struttura-operativa-di-accompagnamento-solidale\/?p=2802"},"modified":"2025-05-27T13:52:19","modified_gmt":"2025-05-27T13:52:19","slug":"a-ruota-libera-2025-2","status":"publish","type":"post","link":"https:\/\/organizzazione.cai.it\/struttura-operativa-di-accompagnamento-solidale\/2025\/05\/a-ruota-libera-2025-2\/","title":{"rendered":"&#8220;A ruota libera 2025&#8221;"},"content":{"rendered":"\n<p>L&#8217;evento &#8220;A Ruota Libera 2025&#8221; di escursionismo adattato \u00e8 molto pi\u00f9 di una semplice camminata in montagna: \u00e8 un invito a riscoprire se stessi, a sentirsi parte di una comunit\u00e0 solida e inclusiva, capace di trasformare ogni percorso in un inno alla resilienza.&nbsp;<\/p>\n\n\n\n<p>In questa quinta edizione, le quattro Sezioni CAI di Rieti, Amatrice, Antrodoco e Leonessa si uniscono per offrire ai partecipante un&#8217;esperienza dove la bellezza dei paesaggi naturali si intreccia con la forza delle storie di chi ha saputo affrontare e superare le sfide della vita. Ogni passo lungo il cammino diventa un simbolo di speranza e di rinascita, invitando partecipanti a scoprire il potere trasformativo della natura e della condivisione.<\/p>\n\n\n\n<p>A seguire d\u00e9pliant con le informazioni utili sull&#8217;evento e sull&#8217;ospitalit\u00e0 ed il link per la prenotazione.<\/p>\n\n\n\n<p><a href=\"https:\/\/docs.google.com\/forms\/d\/e\/1FAIpQLSeP0i5Xc602Dhna9ZVKxYYG-CAyFb4kLBeDYO0MVOV4ctvVcw\/viewform?usp=header\" target=\"_blank\" rel=\"noopener\">https:\/\/docs.google.com\/forms\/d\/e\/1FAIpQLSeP0i5Xc602Dhna9ZVKxYYG-CAyFb4kLBeDYO0MVOV4ctvVcw\/viewform?usp=header<\/a><\/p>\n\n\n\n<div class=\"wp-block-columns is-layout-flex wp-container-core-columns-is-layout-1 wp-block-columns-is-layout-flex\">\n<div class=\"wp-block-column is-layout-flow wp-block-column-is-layout-flow\">\n<figure class=\"wp-block-image size-large\"><img loading=\"lazy\" decoding=\"async\" width=\"764\" height=\"1080\" src=\"https:\/\/organizzazione.cai.it\/struttura-operativa-di-accompagnamento-solidale\/wp-content\/uploads\/sites\/30\/2025\/05\/volantino-raduno-riam_ale_-2_page-0001-764x1080.webp\" alt=\"- CAI\" class=\"wp-image-2804\" title=\"\" srcset=\"https:\/\/organizzazione.cai.it\/struttura-operativa-di-accompagnamento-solidale\/wp-content\/uploads\/sites\/30\/2025\/05\/volantino-raduno-riam_ale_-2_page-0001-764x1080.webp 764w, https:\/\/organizzazione.cai.it\/struttura-operativa-di-accompagnamento-solidale\/wp-content\/uploads\/sites\/30\/2025\/05\/volantino-raduno-riam_ale_-2_page-0001-509x720.webp 509w, https:\/\/organizzazione.cai.it\/struttura-operativa-di-accompagnamento-solidale\/wp-content\/uploads\/sites\/30\/2025\/05\/volantino-raduno-riam_ale_-2_page-0001-768x1086.webp 768w, https:\/\/organizzazione.cai.it\/struttura-operativa-di-accompagnamento-solidale\/wp-content\/uploads\/sites\/30\/2025\/05\/volantino-raduno-riam_ale_-2_page-0001-1086x1536.webp 1086w, https:\/\/organizzazione.cai.it\/struttura-operativa-di-accompagnamento-solidale\/wp-content\/uploads\/sites\/30\/2025\/05\/volantino-raduno-riam_ale_-2_page-0001.webp 1241w\" sizes=\"(max-width: 764px) 100vw, 764px\" \/><\/figure>\n<\/div>\n\n\n\n<div class=\"wp-block-column is-layout-flow wp-block-column-is-layout-flow\">\n<figure class=\"wp-block-image size-large\"><img loading=\"lazy\" decoding=\"async\" width=\"764\" height=\"1080\" src=\"https:\/\/organizzazione.cai.it\/struttura-operativa-di-accompagnamento-solidale\/wp-content\/uploads\/sites\/30\/2025\/05\/volantino-raduno-riam_ale_-2_page-0002-764x1080.webp\" alt=\"- CAI\" class=\"wp-image-2805\" title=\"\" srcset=\"https:\/\/organizzazione.cai.it\/struttura-operativa-di-accompagnamento-solidale\/wp-content\/uploads\/sites\/30\/2025\/05\/volantino-raduno-riam_ale_-2_page-0002-764x1080.webp 764w, https:\/\/organizzazione.cai.it\/struttura-operativa-di-accompagnamento-solidale\/wp-content\/uploads\/sites\/30\/2025\/05\/volantino-raduno-riam_ale_-2_page-0002-509x720.webp 509w, https:\/\/organizzazione.cai.it\/struttura-operativa-di-accompagnamento-solidale\/wp-content\/uploads\/sites\/30\/2025\/05\/volantino-raduno-riam_ale_-2_page-0002-768x1086.webp 768w, https:\/\/organizzazione.cai.it\/struttura-operativa-di-accompagnamento-solidale\/wp-content\/uploads\/sites\/30\/2025\/05\/volantino-raduno-riam_ale_-2_page-0002-1086x1536.webp 1086w, https:\/\/organizzazione.cai.it\/struttura-operativa-di-accompagnamento-solidale\/wp-content\/uploads\/sites\/30\/2025\/05\/volantino-raduno-riam_ale_-2_page-0002.webp 1241w\" sizes=\"(max-width: 764px) 100vw, 764px\" \/><\/figure>\n<\/div>\n<\/div>\n","protected":false},"excerpt":{"rendered":"<p>L&#8217;evento &#8220;A Ruota Libera 2025&#8221; di escursionismo adattato \u00e8 molto pi\u00f9 di una semplice camminata in montagna: \u00e8 un invito a riscoprire se stessi, a sentirsi parte di una comunit\u00e0 [&hellip;]<\/p>\n","protected":false},"author":47,"featured_media":36,"comment_status":"closed","ping_status":"closed","sticky":false,"template":"","format":"standard","meta":{"footnotes":""},"categories":[4],"tags":[],"_links":{"self":[{"href":"https:\/\/organizzazione.cai.it\/struttura-operativa-di-accompagnamento-solidale\/wp-json\/wp\/v2\/posts\/2802"}],"collection":[{"href":"https:\/\/organizzazione.cai.it\/struttura-operativa-di-accompagnamento-solidale\/wp-json\/wp\/v2\/posts"}],"about":[{"href":"https:\/\/organizzazione.cai.it\/struttura-operativa-di-accompagnamento-solidale\/wp-json\/wp\/v2\/types\/post"}],"author":[{"embeddable":true,"href":"https:\/\/organizzazione.cai.it\/struttura-operativa-di-accompagnamento-solidale\/wp-json\/wp\/v2\/users\/47"}],"replies":[{"embeddable":true,"href":"https:\/\/organizzazione.cai.it\/struttura-operativa-di-accompagnamento-solidale\/wp-json\/wp\/v2\/comments?post=2802"}],"version-history":[{"count":1,"href":"https:\/\/organizzazione.cai.it\/struttura-operativa-di-accompagnamento-solidale\/wp-json\/wp\/v2\/posts\/2802\/revisions"}],"predecessor-version":[{"id":2806,"href":"https:\/\/organizzazione.cai.it\/struttura-operativa-di-accompagnamento-solidale\/wp-json\/wp\/v2\/posts\/2802\/revisions\/2806"}],"wp:featuredmedia":[{"embeddable":true,"href":"https:\/\/organizzazione.cai.it\/struttura-operativa-di-accompagnamento-solidale\/wp-json\/wp\/v2\/media\/36"}],"wp:attachment":[{"href":"https:\/\/organizzazione.cai.it\/struttura-operativa-di-accompagnamento-solidale\/wp-json\/wp\/v2\/media?parent=2802"}],"wp:term":[{"taxonomy":"category","embeddable":true,"href":"https:\/\/organizzazione.cai.it\/struttura-operativa-di-accompagnamento-solidale\/wp-json\/wp\/v2\/categories?post=2802"},{"taxonomy":"post_tag","embeddable":true,"href":"https:\/\/organizzazione.cai.it\/struttura-operativa-di-accompagnamento-solidale\/wp-json\/wp\/v2\/tags?post=2802"}],"curies":[{"name":"wp","href":"https:\/\/api.w.org\/{rel}","templated":true}]}}